
{"id":26143,"date":"2013-04-25T19:55:01","date_gmt":"2013-04-25T22:55:01","guid":{"rendered":"http:\/\/www.sudoestehoje.com.br\/novoportal\/?p=26143"},"modified":"2013-04-26T16:57:56","modified_gmt":"2013-04-26T19:57:56","slug":"e-a-chuva-chegou-antes-de-wagner","status":"publish","type":"post","link":"https:\/\/www.sudoestehoje.com.br\/novoportal\/2013\/04\/25\/e-a-chuva-chegou-antes-de-wagner\/","title":{"rendered":"&#8230; E A CHUVA CHEGOU ANTES DE WAGNER"},"content":{"rendered":"<p><img decoding=\"async\" class=\"aligncenter\" alt=\"\" src=\"http:\/\/4.bp.blogspot.com\/-MHKY0UeFjjo\/URQ3CF9ThNI\/AAAAAAAAHA8\/hKkvx3LFu7E\/s1600\/chuva-sert%C3%A3o.JPG\" width=\"500\" \/><\/p>\n<p style=\"text-align: center;\"><em>Antes que o governador chegasse, choveu no sert\u00e3o baiano<\/em><\/p>\n<p>&nbsp;<\/p>\n<p>A entrega oficial pelo governador Jaques Wagner da amplia\u00e7\u00e3o do sistema integrado de abastecimento de \u00e1gua de Serrinha e Concei\u00e7\u00e3o do Coit\u00e9, que aconteceria na manh\u00e3 de hoje, em cerim\u00f4nia no segundo munic\u00edpio, foi cancelada por causa da forte chuva. Uma nova data ainda ser\u00e1 marcada para a entrega do sistema, uma obra estruturante que, segundo a propaganda oficial, \u00a0j\u00e1 estaria beneficiando mais de 88 mil moradores da regi\u00e3o sisaleira, uma das mais castigadas pela seca.<\/p>\n<p>Ainda em Coit\u00e9, Wagner visitaria um dos oito novos armaz\u00e9ns que est\u00e3o vendendo o milho subsidiado. \u00a0Tamb\u00e9m estava prevista para a manh\u00e3 de hoje a ida do governador a Feira de Santana, onde foram entregues retroescavadeiras para 20 munic\u00edpios do semi\u00e1rido, dentro das t\u00edmidas a\u00e7\u00f5es de combate aos efeitos da estiagem.<\/p>\n<p>Wagner demorou tanto para agir, que as chuvas acabaram chegando antes. Tomara que continue chovendo, para que o nosso despreocupado governador possa permanecer na capital, cuidando de assuntos de maior import\u00e2ncia que a maior seca dos \u00faltimos 60 anos, como por exemplo a sucess\u00e3o estadual e a propaganda do seu governo, que \u00a0j\u00e1 consumiu mais dinheiro que suas &#8216;a\u00e7\u00f5es&#8217; de combate \u00e0 seca no sert\u00e3o baiano.<\/p>\n<p><strong><em>Por Davi Ferraz <\/em><\/strong><em>(com informa\u00e7\u00f5es do Pol\u00edtica Livre)<\/em><\/p>\n","protected":false},"excerpt":{"rendered":"<p>Antes que o governador chegasse, choveu no sert\u00e3o baiano &nbsp; A entrega oficial pelo governador Jaques Wagner da amplia\u00e7\u00e3o do sistema integrado de abastecimento de \u00e1gua de Serrinha e Concei\u00e7\u00e3o do Coit\u00e9, que aconteceria na manh\u00e3 de hoje, em cerim\u00f4nia no segundo munic\u00edpio, foi cancelada por causa da forte chuva. Uma nova data ainda ser\u00e1 [&hellip;]<\/p>\n","protected":false},"author":2,"featured_media":0,"comment_status":"open","ping_status":"open","sticky":false,"template":"","format":"standard","meta":{"footnotes":"","_links_to":"","_links_to_target":""},"categories":[1],"tags":[],"class_list":["post-26143","post","type-post","status-publish","format-standard","hentry","category-geral"],"views":1259,"_links":{"self":[{"href":"https:\/\/www.sudoestehoje.com.br\/novoportal\/wp-json\/wp\/v2\/posts\/26143","targetHints":{"allow":["GET"]}}],"collection":[{"href":"https:\/\/www.sudoestehoje.com.br\/novoportal\/wp-json\/wp\/v2\/posts"}],"about":[{"href":"https:\/\/www.sudoestehoje.com.br\/novoportal\/wp-json\/wp\/v2\/types\/post"}],"author":[{"embeddable":true,"href":"https:\/\/www.sudoestehoje.com.br\/novoportal\/wp-json\/wp\/v2\/users\/2"}],"replies":[{"embeddable":true,"href":"https:\/\/www.sudoestehoje.com.br\/novoportal\/wp-json\/wp\/v2\/comments?post=26143"}],"version-history":[{"count":8,"href":"https:\/\/www.sudoestehoje.com.br\/novoportal\/wp-json\/wp\/v2\/posts\/26143\/revisions"}],"predecessor-version":[{"id":26148,"href":"https:\/\/www.sudoestehoje.com.br\/novoportal\/wp-json\/wp\/v2\/posts\/26143\/revisions\/26148"}],"wp:attachment":[{"href":"https:\/\/www.sudoestehoje.com.br\/novoportal\/wp-json\/wp\/v2\/media?parent=26143"}],"wp:term":[{"taxonomy":"category","embeddable":true,"href":"https:\/\/www.sudoestehoje.com.br\/novoportal\/wp-json\/wp\/v2\/categories?post=26143"},{"taxonomy":"post_tag","embeddable":true,"href":"https:\/\/www.sudoestehoje.com.br\/novoportal\/wp-json\/wp\/v2\/tags?post=26143"}],"curies":[{"name":"wp","href":"https:\/\/api.w.org\/{rel}","templated":true}]}}