
{"id":26139,"date":"2013-04-25T19:03:19","date_gmt":"2013-04-25T22:03:19","guid":{"rendered":"http:\/\/www.sudoestehoje.com.br\/novoportal\/?p=26139"},"modified":"2013-04-25T19:03:19","modified_gmt":"2013-04-25T22:03:19","slug":"prefeito-paulo-fernandes-da-nova-cara-a-cidade-de-itarantim","status":"publish","type":"post","link":"https:\/\/www.sudoestehoje.com.br\/novoportal\/2013\/04\/25\/prefeito-paulo-fernandes-da-nova-cara-a-cidade-de-itarantim\/","title":{"rendered":"PREFEITO PAULO FERNANDES D\u00c1 NOVA CARA \u00c0 CIDADE DE ITARANTIM"},"content":{"rendered":"<p style=\"text-align: center;\"><img decoding=\"async\" class=\"aligncenter\" alt=\"\" src=\"http:\/\/4.bp.blogspot.com\/-R397mWQqcYE\/UXZqGwgV8jI\/AAAAAAAAHvA\/lFIH4_I0_Js\/s400\/paulo.png\" width=\"400\" \/><\/p>\n<p>&nbsp;<\/p>\n<p>Em Itarantim, o prefeito \u00a0Paulo Fernandes (PSB), uma das gratas revela\u00e7\u00f5es da pol\u00edtica regional, tem se desdobrado para ultrapassar as dificuldades deixadas pelo seu antecessor e arrumar a cidade, para ent\u00e3o come\u00e7ar a colocar em andamento os seus projetos. <em>&#8220;Encontramos uma situa\u00e7\u00e3o dif\u00edcil, mas com muito trabalho e uma equipe qualificada estamos revertendo a situa\u00e7\u00e3o&#8221;<\/em>, disse o prefeito de Itarantim.<\/p>\n<p>Na administra\u00e7\u00e3o do seu antecessor, descaso com o dinheiro publico era not\u00f3rio. Ve\u00edculos sucateados, d\u00edvidas, e ifra-estrutura abandonada. Mas nada disto tem abatido o \u00e2nimo do Dr. Paulo e do seu vice-prefeito Kleber. <em>&#8220;\u00c0s vezes ficamos angustiados em querer resolver todos os problemas da cidade, mas percebemos estar de m\u00e3os amarradas, por d\u00edvidas e sucateamento administrativo&#8221;<\/em>, destaca o novo gestor.<\/p>\n<p>Na \u00e1rea da educa\u00e7\u00e3o, \u00a0a prefeitura j\u00e1 reformou as escolas, deixando um ambiente limpo e agrad\u00e1vel para o come\u00e7o do ano letivo.<em> &#8220;N\u00e3o dava para os alunos estudarem na situa\u00e7\u00e3o da escola que encontramos&#8221;, lembrou o prefeito.\u00a0&#8220;Ap\u00f3s esse trabalho de limpeza e reforma quero por em a\u00e7\u00e3o a estrutura de apoio ao pequeno produtor. Para isso, atrav\u00e9s de um cronograma pr\u00e9-estabelecido, as m\u00e1quinas da prefeitura ir\u00e3o ajudar no melhoramento das propriedades rurais&#8221;<\/em>, finalizou Paulo.<\/p>\n<p><em>Informa\u00e7\u00f5es do Itarantim Agora<\/em><\/p>\n<p>&nbsp;<\/p>\n","protected":false},"excerpt":{"rendered":"<p>&nbsp; Em Itarantim, o prefeito \u00a0Paulo Fernandes (PSB), uma das gratas revela\u00e7\u00f5es da pol\u00edtica regional, tem se desdobrado para ultrapassar as dificuldades deixadas pelo seu antecessor e arrumar a cidade, para ent\u00e3o come\u00e7ar a colocar em andamento os seus projetos. &#8220;Encontramos uma situa\u00e7\u00e3o dif\u00edcil, mas com muito trabalho e uma equipe qualificada estamos revertendo a [&hellip;]<\/p>\n","protected":false},"author":2,"featured_media":0,"comment_status":"open","ping_status":"open","sticky":false,"template":"","format":"standard","meta":{"footnotes":"","_links_to":"","_links_to_target":""},"categories":[1],"tags":[],"class_list":["post-26139","post","type-post","status-publish","format-standard","hentry","category-geral"],"views":1188,"_links":{"self":[{"href":"https:\/\/www.sudoestehoje.com.br\/novoportal\/wp-json\/wp\/v2\/posts\/26139","targetHints":{"allow":["GET"]}}],"collection":[{"href":"https:\/\/www.sudoestehoje.com.br\/novoportal\/wp-json\/wp\/v2\/posts"}],"about":[{"href":"https:\/\/www.sudoestehoje.com.br\/novoportal\/wp-json\/wp\/v2\/types\/post"}],"author":[{"embeddable":true,"href":"https:\/\/www.sudoestehoje.com.br\/novoportal\/wp-json\/wp\/v2\/users\/2"}],"replies":[{"embeddable":true,"href":"https:\/\/www.sudoestehoje.com.br\/novoportal\/wp-json\/wp\/v2\/comments?post=26139"}],"version-history":[{"count":3,"href":"https:\/\/www.sudoestehoje.com.br\/novoportal\/wp-json\/wp\/v2\/posts\/26139\/revisions"}],"predecessor-version":[{"id":26142,"href":"https:\/\/www.sudoestehoje.com.br\/novoportal\/wp-json\/wp\/v2\/posts\/26139\/revisions\/26142"}],"wp:attachment":[{"href":"https:\/\/www.sudoestehoje.com.br\/novoportal\/wp-json\/wp\/v2\/media?parent=26139"}],"wp:term":[{"taxonomy":"category","embeddable":true,"href":"https:\/\/www.sudoestehoje.com.br\/novoportal\/wp-json\/wp\/v2\/categories?post=26139"},{"taxonomy":"post_tag","embeddable":true,"href":"https:\/\/www.sudoestehoje.com.br\/novoportal\/wp-json\/wp\/v2\/tags?post=26139"}],"curies":[{"name":"wp","href":"https:\/\/api.w.org\/{rel}","templated":true}]}}