
{"id":26024,"date":"2013-04-21T12:46:42","date_gmt":"2013-04-21T15:46:42","guid":{"rendered":"http:\/\/www.sudoestehoje.com.br\/novoportal\/?p=26024"},"modified":"2013-04-21T12:53:54","modified_gmt":"2013-04-21T15:53:54","slug":"tarado-de-santo-amaro-compara-pedofilia-a-vicio-com-drogas","status":"publish","type":"post","link":"https:\/\/www.sudoestehoje.com.br\/novoportal\/2013\/04\/21\/tarado-de-santo-amaro-compara-pedofilia-a-vicio-com-drogas\/","title":{"rendered":"TARADO DE SANTO AMARO COMPARA PEDOFILIA A V\u00cdCIO COM DROGAS"},"content":{"rendered":"<div id=\"attachment_26025\" style=\"width: 460px\" class=\"wp-caption aligncenter\"><a href=\"http:\/\/www.sudoestehoje.com.br\/novoportal\/wp-content\/uploads\/2013\/04\/taradodesantoamaro.jpg\"><img loading=\"lazy\" decoding=\"async\" aria-describedby=\"caption-attachment-26025\" class=\"size-full wp-image-26025\" alt=\"XXXXXXX\" src=\"http:\/\/www.sudoestehoje.com.br\/novoportal\/wp-content\/uploads\/2013\/04\/taradodesantoamaro.jpg\" width=\"450\" height=\"282\" \/><\/a><p id=\"caption-attachment-26025\" class=\"wp-caption-text\">&#8220;\u00c9 como usar drogas. Comecei a fazer e n\u00e3o consegui parar. Pensei em pedir ajuda. Acho que \u00e9 uma doen\u00e7a&#8221;. Foto reprodu\u00e7\u00e3o<\/p><\/div>\n<p>&nbsp;<\/p>\n<p>SANTO AMARO DA PURIFICA\u00c7\u00c3O: Sobre a mesa da delegacia, calcinhas com motivos de cora\u00e7\u00e3o, tops de bichinhos e outras tantas pe\u00e7as \u00edntimas com florzinhas e desenhos infantis. Aquilo era apenas parte das provas de um crime que se estendeu por 15 anos.\u00a0Segundo mat\u00e9ria do jornal Correio, durante esse per\u00edodo,\u00a0segundo calcula a Pol\u00edcia Civil de Santo Amaro, no Rec\u00f4ncavo, Edvaldo Nascimento dos Santos, 47 anos, aliciou, abusou e fotografou cerca de 60 meninas. Todas pr\u00e9-adolescentes e adolescentes, entre 10 e 17 anos, que aparecem nas imagens nuas, seminuas ou em trajes \u00edntimos. Edvaldo foi preso anteontem.<\/p>\n<p>Edvaldo se diz \u201cum doente\u201d. \u201c\u00c9 como usar drogas. Comecei a fazer e n\u00e3o consegui parar. Pensei em pedir ajuda. Acho que \u00e9 uma doen\u00e7a\u201d. Se condenado, ele pode pegar de 8 a 12 anos de pris\u00e3o.<\/p>\n<p>Al\u00e9m das pe\u00e7as de roupa, a pol\u00edcia apreendeu dezenas de \u00e1lbuns de fotografia, CDs, DVDs, pen drives, duas CPUs de computador, fitas de v\u00eddeo, quatro m\u00e1quinas fotogr\u00e1ficas e uma minifilmadora. A maioria estava na resid\u00eancia de Edvaldo. Os policiais prenderam o fot\u00f3grafo ap\u00f3s 15 dias de investiga\u00e7\u00e3o, depois de uma den\u00fancia an\u00f4nima.<\/p>\n<p>A todo momento, novas v\u00edtimas, acompanhadas dos pais, reconhecem o acusado. Oito j\u00e1 prestaram depoimento. Mais quatro est\u00e3o marcadas para segunda. At\u00e9 ontem, nenhuma das garotas havia relatado estupro com ato sexual consumado.<\/p>\n","protected":false},"excerpt":{"rendered":"<p>&nbsp; SANTO AMARO DA PURIFICA\u00c7\u00c3O: Sobre a mesa da delegacia, calcinhas com motivos de cora\u00e7\u00e3o, tops de bichinhos e outras tantas pe\u00e7as \u00edntimas com florzinhas e desenhos infantis. Aquilo era apenas parte das provas de um crime que se estendeu por 15 anos.\u00a0Segundo mat\u00e9ria do jornal Correio, durante esse per\u00edodo,\u00a0segundo calcula a Pol\u00edcia Civil de [&hellip;]<\/p>\n","protected":false},"author":2,"featured_media":0,"comment_status":"open","ping_status":"open","sticky":false,"template":"","format":"standard","meta":{"footnotes":"","_links_to":"","_links_to_target":""},"categories":[1],"tags":[],"class_list":["post-26024","post","type-post","status-publish","format-standard","hentry","category-geral"],"views":2826,"_links":{"self":[{"href":"https:\/\/www.sudoestehoje.com.br\/novoportal\/wp-json\/wp\/v2\/posts\/26024","targetHints":{"allow":["GET"]}}],"collection":[{"href":"https:\/\/www.sudoestehoje.com.br\/novoportal\/wp-json\/wp\/v2\/posts"}],"about":[{"href":"https:\/\/www.sudoestehoje.com.br\/novoportal\/wp-json\/wp\/v2\/types\/post"}],"author":[{"embeddable":true,"href":"https:\/\/www.sudoestehoje.com.br\/novoportal\/wp-json\/wp\/v2\/users\/2"}],"replies":[{"embeddable":true,"href":"https:\/\/www.sudoestehoje.com.br\/novoportal\/wp-json\/wp\/v2\/comments?post=26024"}],"version-history":[{"count":5,"href":"https:\/\/www.sudoestehoje.com.br\/novoportal\/wp-json\/wp\/v2\/posts\/26024\/revisions"}],"predecessor-version":[{"id":26029,"href":"https:\/\/www.sudoestehoje.com.br\/novoportal\/wp-json\/wp\/v2\/posts\/26024\/revisions\/26029"}],"wp:attachment":[{"href":"https:\/\/www.sudoestehoje.com.br\/novoportal\/wp-json\/wp\/v2\/media?parent=26024"}],"wp:term":[{"taxonomy":"category","embeddable":true,"href":"https:\/\/www.sudoestehoje.com.br\/novoportal\/wp-json\/wp\/v2\/categories?post=26024"},{"taxonomy":"post_tag","embeddable":true,"href":"https:\/\/www.sudoestehoje.com.br\/novoportal\/wp-json\/wp\/v2\/tags?post=26024"}],"curies":[{"name":"wp","href":"https:\/\/api.w.org\/{rel}","templated":true}]}}