
{"id":25958,"date":"2013-04-20T09:15:22","date_gmt":"2013-04-20T12:15:22","guid":{"rendered":"http:\/\/www.sudoestehoje.com.br\/novoportal\/?p=25958"},"modified":"2013-04-20T09:15:22","modified_gmt":"2013-04-20T12:15:22","slug":"sao-joao-de-guanambi-e-cancelado","status":"publish","type":"post","link":"https:\/\/www.sudoestehoje.com.br\/novoportal\/2013\/04\/20\/sao-joao-de-guanambi-e-cancelado\/","title":{"rendered":"S\u00c3O JO\u00c3O DE GUANAMBI \u00c9 CANCELADO"},"content":{"rendered":"<p><img decoding=\"async\" class=\"aligncenter\" alt=\"\" src=\"http:\/\/4.bp.blogspot.com\/-aOysO2TYAv8\/TgEAq1nZ70I\/AAAAAAAAAB4\/vcT8qONCF-w\/s1600\/102837201119063%255B1%255D.jpg\" width=\"400\" \/><\/p>\n<p>&nbsp;<\/p>\n<p>O prefeito de Guanambi, Charles Fernandes (PP), anunciou nesta sexta-feira (19) o cancelamento dos festejos juninos deste ano no munic\u00edpio do sudoeste baiano. Em nota enviada \u00e0 imprensa, a prefeitura informou que a decis\u00e3o foi tomada ap\u00f3s realizar uma pesquisa junto \u00e0 popula\u00e7\u00e3o e ap\u00f3s encontros com os secret\u00e1rios municipais e vereadores.<\/p>\n<p>Segundo a atual gest\u00e3o, a falta de chuva na regi\u00e3o e a situa\u00e7\u00e3o das comunidades rurais do munic\u00edpio preocupa a administra\u00e7\u00e3o, que prentende reverter o dinheiro que gastaria com o S\u00e3o Jo\u00e3o com a\u00e7\u00f5es de enfrentamento da estiagem. \u201cSei que a festa j\u00e1 virou tradi\u00e7\u00e3o, mas diante do quadro que se apresenta, tenho que eleger prioridades\u201d, disse o prefeito.<\/p>\n<p>No levantamento realizado junto \u00e0 comunidade, 62% dos entrevistados aprovaram o cancelamento da festa. \u201cEstamos tranquilos com rela\u00e7\u00e3o a isso, pois o povo entendeu nossa preocupa\u00e7\u00e3o e avalizou nossa decis\u00e3o\u201d, disse o alcaide, que pretende anunciar, at\u00e9 o final do m\u00eas, obras e interven\u00e7\u00f5es na zona rural de Guanambi para amenizar os efeitos da seca.<\/p>\n","protected":false},"excerpt":{"rendered":"<p>&nbsp; O prefeito de Guanambi, Charles Fernandes (PP), anunciou nesta sexta-feira (19) o cancelamento dos festejos juninos deste ano no munic\u00edpio do sudoeste baiano. Em nota enviada \u00e0 imprensa, a prefeitura informou que a decis\u00e3o foi tomada ap\u00f3s realizar uma pesquisa junto \u00e0 popula\u00e7\u00e3o e ap\u00f3s encontros com os secret\u00e1rios municipais e vereadores. Segundo a [&hellip;]<\/p>\n","protected":false},"author":2,"featured_media":0,"comment_status":"open","ping_status":"open","sticky":false,"template":"","format":"standard","meta":{"footnotes":"","_links_to":"","_links_to_target":""},"categories":[1],"tags":[],"class_list":["post-25958","post","type-post","status-publish","format-standard","hentry","category-geral"],"views":1240,"_links":{"self":[{"href":"https:\/\/www.sudoestehoje.com.br\/novoportal\/wp-json\/wp\/v2\/posts\/25958","targetHints":{"allow":["GET"]}}],"collection":[{"href":"https:\/\/www.sudoestehoje.com.br\/novoportal\/wp-json\/wp\/v2\/posts"}],"about":[{"href":"https:\/\/www.sudoestehoje.com.br\/novoportal\/wp-json\/wp\/v2\/types\/post"}],"author":[{"embeddable":true,"href":"https:\/\/www.sudoestehoje.com.br\/novoportal\/wp-json\/wp\/v2\/users\/2"}],"replies":[{"embeddable":true,"href":"https:\/\/www.sudoestehoje.com.br\/novoportal\/wp-json\/wp\/v2\/comments?post=25958"}],"version-history":[{"count":4,"href":"https:\/\/www.sudoestehoje.com.br\/novoportal\/wp-json\/wp\/v2\/posts\/25958\/revisions"}],"predecessor-version":[{"id":25962,"href":"https:\/\/www.sudoestehoje.com.br\/novoportal\/wp-json\/wp\/v2\/posts\/25958\/revisions\/25962"}],"wp:attachment":[{"href":"https:\/\/www.sudoestehoje.com.br\/novoportal\/wp-json\/wp\/v2\/media?parent=25958"}],"wp:term":[{"taxonomy":"category","embeddable":true,"href":"https:\/\/www.sudoestehoje.com.br\/novoportal\/wp-json\/wp\/v2\/categories?post=25958"},{"taxonomy":"post_tag","embeddable":true,"href":"https:\/\/www.sudoestehoje.com.br\/novoportal\/wp-json\/wp\/v2\/tags?post=25958"}],"curies":[{"name":"wp","href":"https:\/\/api.w.org\/{rel}","templated":true}]}}