
{"id":25954,"date":"2013-04-20T09:04:58","date_gmt":"2013-04-20T12:04:58","guid":{"rendered":"http:\/\/www.sudoestehoje.com.br\/novoportal\/?p=25954"},"modified":"2013-04-20T09:04:58","modified_gmt":"2013-04-20T12:04:58","slug":"internacional-segundo-acusado-do-ataque-de-boston-e-capturado","status":"publish","type":"post","link":"https:\/\/www.sudoestehoje.com.br\/novoportal\/2013\/04\/20\/internacional-segundo-acusado-do-ataque-de-boston-e-capturado\/","title":{"rendered":"INTERNACIONAL: SEGUNDO ACUSADO DO ATAQUE DE BOSTON \u00c9 CAPTURADO"},"content":{"rendered":"<p><img decoding=\"async\" class=\"aligncenter\" alt=\"Segundo acusado de ataque em Boston \u00e9 capturado por pol\u00edcia estadunidense\" src=\"http:\/\/www.bahianoticias.com.br\/fotos\/principal_noticias\/135167\/IMAGEM_NOTICIA_5.jpg\" \/><\/p>\n<p style=\"text-align: center;\"><em>Foto: Divulga\u00e7\u00e3o\/FBI<\/em><\/p>\n<p>&nbsp;<\/p>\n<p>Dzhokhar Tsarnaev, de 19 anos, um dos homens acusados pelas explos\u00f5es que deixaram tr\u00eas pessoas mortas e 176 feridas na tradicional maratona de Boston no \u00faltimo dia 15, foi capturado pela pol\u00edcia norte-americana na noite desta sexta-feira (20). A informa\u00e7\u00e3o foi divulgada pelos agentes da Federal Bureau of Investigation (FBI) atrav\u00e9s do Twitter e, depois, confirmada pelo prefeito de Boston, Tom Menino. O poss\u00edvel terrorista foi encontrado, ferido, dentro de um barco nos fundos de uma casa em Watertown e, logo depois, encaminhado a um hospital. Seu estado de sa\u00fade, por\u00e9m, n\u00e3o foi divulgado. O irm\u00e3o de Tsarnaev, Tamerlan, 26, tamb\u00e9m \u00e9 suspeito do ataque e foi morto pela pol\u00edcia nesta quinta-feira (19).<\/p>\n","protected":false},"excerpt":{"rendered":"<p>Foto: Divulga\u00e7\u00e3o\/FBI &nbsp; Dzhokhar Tsarnaev, de 19 anos, um dos homens acusados pelas explos\u00f5es que deixaram tr\u00eas pessoas mortas e 176 feridas na tradicional maratona de Boston no \u00faltimo dia 15, foi capturado pela pol\u00edcia norte-americana na noite desta sexta-feira (20). A informa\u00e7\u00e3o foi divulgada pelos agentes da Federal Bureau of Investigation (FBI) atrav\u00e9s do [&hellip;]<\/p>\n","protected":false},"author":2,"featured_media":0,"comment_status":"open","ping_status":"open","sticky":false,"template":"","format":"standard","meta":{"footnotes":"","_links_to":"","_links_to_target":""},"categories":[1],"tags":[],"class_list":["post-25954","post","type-post","status-publish","format-standard","hentry","category-geral"],"views":1176,"_links":{"self":[{"href":"https:\/\/www.sudoestehoje.com.br\/novoportal\/wp-json\/wp\/v2\/posts\/25954","targetHints":{"allow":["GET"]}}],"collection":[{"href":"https:\/\/www.sudoestehoje.com.br\/novoportal\/wp-json\/wp\/v2\/posts"}],"about":[{"href":"https:\/\/www.sudoestehoje.com.br\/novoportal\/wp-json\/wp\/v2\/types\/post"}],"author":[{"embeddable":true,"href":"https:\/\/www.sudoestehoje.com.br\/novoportal\/wp-json\/wp\/v2\/users\/2"}],"replies":[{"embeddable":true,"href":"https:\/\/www.sudoestehoje.com.br\/novoportal\/wp-json\/wp\/v2\/comments?post=25954"}],"version-history":[{"count":3,"href":"https:\/\/www.sudoestehoje.com.br\/novoportal\/wp-json\/wp\/v2\/posts\/25954\/revisions"}],"predecessor-version":[{"id":25957,"href":"https:\/\/www.sudoestehoje.com.br\/novoportal\/wp-json\/wp\/v2\/posts\/25954\/revisions\/25957"}],"wp:attachment":[{"href":"https:\/\/www.sudoestehoje.com.br\/novoportal\/wp-json\/wp\/v2\/media?parent=25954"}],"wp:term":[{"taxonomy":"category","embeddable":true,"href":"https:\/\/www.sudoestehoje.com.br\/novoportal\/wp-json\/wp\/v2\/categories?post=25954"},{"taxonomy":"post_tag","embeddable":true,"href":"https:\/\/www.sudoestehoje.com.br\/novoportal\/wp-json\/wp\/v2\/tags?post=25954"}],"curies":[{"name":"wp","href":"https:\/\/api.w.org\/{rel}","templated":true}]}}