
{"id":25922,"date":"2013-04-19T09:43:00","date_gmt":"2013-04-19T12:43:00","guid":{"rendered":"http:\/\/www.sudoestehoje.com.br\/novoportal\/?p=25922"},"modified":"2013-04-19T09:43:00","modified_gmt":"2013-04-19T12:43:00","slug":"candidatura-de-gabrielli-e-questionada-por-cupula-do-pt-baiano","status":"publish","type":"post","link":"https:\/\/www.sudoestehoje.com.br\/novoportal\/2013\/04\/19\/candidatura-de-gabrielli-e-questionada-por-cupula-do-pt-baiano\/","title":{"rendered":"CANDIDATURA DE GABRIELLI \u00c9 QUESTIONADA POR C\u00daPULA DO PT BAIANO"},"content":{"rendered":"<p style=\"text-align: center;\"><img decoding=\"async\" class=\"aligncenter\" alt=\"\" src=\"http:\/\/1.bp.blogspot.com\/_LHaQiH0StmQ\/TRtrsRHa6vI\/AAAAAAAAACM\/66kHjVDeBUw\/s1600\/gabrielli-rtr.jpg\" width=\"400\" \/><\/p>\n<p>&nbsp;<\/p>\n<p>Membros da c\u00fapula do PT baiano j\u00e1 questionam a viabilidade eleitoral do secret\u00e1rio de Planejamento, Jos\u00e9 S\u00e9rgio Gabrielli, um dos quatro pr\u00e9-candidatos oficiais do partido ao governo, informa reportagem da Tribuna. Uma fonte influente na legenda informou ao jornal que a candidatura do ex-presidente da Petrobras come\u00e7ou a ficar complicada devido a uma s\u00e9rie de \u201cerros\u201d cometidos por ele.<\/p>\n<p>A indica\u00e7\u00e3o de Gabrielli para disputar a sucess\u00e3o de Jaques Wagner veio da corrente majorit\u00e1ria no cen\u00e1rio nacional, a CNB, ligada ao ex-presidente Lula e ao ex-ministro Jos\u00e9 Dirceu. No entanto, o segmento mostra-se a cada dia pouco palat\u00e1vel pol\u00edtico-eleitoralmente, avalia a Tribuna. De acordo com interlocutores ligados ao Pal\u00e1cio de Ondina, em conversa reservada, o governador teria alertado Lula sobre as dificuldades encontradas por Gabrielli para se potencializar como candidato. BN<\/p>\n","protected":false},"excerpt":{"rendered":"<p>&nbsp; Membros da c\u00fapula do PT baiano j\u00e1 questionam a viabilidade eleitoral do secret\u00e1rio de Planejamento, Jos\u00e9 S\u00e9rgio Gabrielli, um dos quatro pr\u00e9-candidatos oficiais do partido ao governo, informa reportagem da Tribuna. Uma fonte influente na legenda informou ao jornal que a candidatura do ex-presidente da Petrobras come\u00e7ou a ficar complicada devido a uma s\u00e9rie [&hellip;]<\/p>\n","protected":false},"author":2,"featured_media":0,"comment_status":"open","ping_status":"open","sticky":false,"template":"","format":"standard","meta":{"footnotes":"","_links_to":"","_links_to_target":""},"categories":[1],"tags":[],"class_list":["post-25922","post","type-post","status-publish","format-standard","hentry","category-geral"],"views":1219,"_links":{"self":[{"href":"https:\/\/www.sudoestehoje.com.br\/novoportal\/wp-json\/wp\/v2\/posts\/25922","targetHints":{"allow":["GET"]}}],"collection":[{"href":"https:\/\/www.sudoestehoje.com.br\/novoportal\/wp-json\/wp\/v2\/posts"}],"about":[{"href":"https:\/\/www.sudoestehoje.com.br\/novoportal\/wp-json\/wp\/v2\/types\/post"}],"author":[{"embeddable":true,"href":"https:\/\/www.sudoestehoje.com.br\/novoportal\/wp-json\/wp\/v2\/users\/2"}],"replies":[{"embeddable":true,"href":"https:\/\/www.sudoestehoje.com.br\/novoportal\/wp-json\/wp\/v2\/comments?post=25922"}],"version-history":[{"count":2,"href":"https:\/\/www.sudoestehoje.com.br\/novoportal\/wp-json\/wp\/v2\/posts\/25922\/revisions"}],"predecessor-version":[{"id":25924,"href":"https:\/\/www.sudoestehoje.com.br\/novoportal\/wp-json\/wp\/v2\/posts\/25922\/revisions\/25924"}],"wp:attachment":[{"href":"https:\/\/www.sudoestehoje.com.br\/novoportal\/wp-json\/wp\/v2\/media?parent=25922"}],"wp:term":[{"taxonomy":"category","embeddable":true,"href":"https:\/\/www.sudoestehoje.com.br\/novoportal\/wp-json\/wp\/v2\/categories?post=25922"},{"taxonomy":"post_tag","embeddable":true,"href":"https:\/\/www.sudoestehoje.com.br\/novoportal\/wp-json\/wp\/v2\/tags?post=25922"}],"curies":[{"name":"wp","href":"https:\/\/api.w.org\/{rel}","templated":true}]}}