
{"id":25839,"date":"2013-04-16T16:54:03","date_gmt":"2013-04-16T19:54:03","guid":{"rendered":"http:\/\/www.sudoestehoje.com.br\/novoportal\/?p=25839"},"modified":"2013-04-16T16:54:03","modified_gmt":"2013-04-16T19:54:03","slug":"magno-malta-quer-concorrer-ao-governo-do-espirito-santo","status":"publish","type":"post","link":"https:\/\/www.sudoestehoje.com.br\/novoportal\/2013\/04\/16\/magno-malta-quer-concorrer-ao-governo-do-espirito-santo\/","title":{"rendered":"MAGNO MALTA QUER CONCORRER AO GOVERNO DO ESP\u00cdRITO SANTO"},"content":{"rendered":"<p><img decoding=\"async\" class=\"aligncenter\" alt=\"\" src=\"http:\/\/www.politicalivre.com.br\/wp-content\/thumbgen_cache\/a90770ec07f751dc75d502e4b8b72795.jpg\" width=\"400\" \/><\/p>\n<p>&nbsp;<\/p>\n<p>O senador Magno Malta (PR) afirmou, nesta ter\u00e7a-feira (16), que nas elei\u00e7\u00f5es de 2014 vai entrar na disputa pelo governo do estado ou pela presid\u00eancia da Rep\u00fablica. Apesar da declara\u00e7\u00e3o, n\u00e3o esclareceu sua escolha na disputa, nem se entrar\u00e1 realmente como candidato ou apoio de partido. \u201cO PR vai sair a governo, mesmo que sozinho\u201d, disse.<\/p>\n<p>A um ano e meio do 1\u00ba turno das elei\u00e7\u00f5es, o presidente estadual do PR defendeu sua atual posi\u00e7\u00e3o. \u201cMinha candidatura n\u00e3o \u00e9 brincadeira, ela \u00e9 real. Faltam 15 meses para as elei\u00e7\u00f5es, ent\u00e3o n\u00e3o vou abrir agora a minha posi\u00e7\u00e3o para n\u00e3o atrapalhar o andamento dos planos, mas no ano que vem eu sou candidato, ou \u00e0 presid\u00eancia da Rep\u00fablica ou ao governo do Esp\u00edrito Santo. Caso eu n\u00e3o acabe n\u00e3o entrando como candidato a governo do estado, o partido vai entrar na briga\u201d, disse o senador.<\/p>\n<p>A inten\u00e7\u00e3o de Magno Malta em entrar no governo \u00e9 especulado como um dos motivos da sa\u00edda de membros do Partido da Rep\u00fablica no Esp\u00edrito Santo. \u201cDiscordo que isso tenha sido por algum motivo pessoal. Acredito que eles t\u00eam que se filiar a partidos que os fa\u00e7am sentir bem. Ao mesmo tempo que alguns saem, outros est\u00e3o entrando e fortalecendo o PR\u201d, explicou. Leia mais no\u00a0<a href=\"http:\/\/g1.globo.com\/espirito-santo\/noticia\/2013\/04\/magno-malta-anuncia-intencao-de-concorrer-ao-governo-do-es.html\" target=\"_blank\">G1<\/a>.<\/p>\n","protected":false},"excerpt":{"rendered":"<p>&nbsp; O senador Magno Malta (PR) afirmou, nesta ter\u00e7a-feira (16), que nas elei\u00e7\u00f5es de 2014 vai entrar na disputa pelo governo do estado ou pela presid\u00eancia da Rep\u00fablica. Apesar da declara\u00e7\u00e3o, n\u00e3o esclareceu sua escolha na disputa, nem se entrar\u00e1 realmente como candidato ou apoio de partido. \u201cO PR vai sair a governo, mesmo que [&hellip;]<\/p>\n","protected":false},"author":2,"featured_media":0,"comment_status":"open","ping_status":"open","sticky":false,"template":"","format":"standard","meta":{"footnotes":"","_links_to":"","_links_to_target":""},"categories":[1],"tags":[],"class_list":["post-25839","post","type-post","status-publish","format-standard","hentry","category-geral"],"views":1277,"_links":{"self":[{"href":"https:\/\/www.sudoestehoje.com.br\/novoportal\/wp-json\/wp\/v2\/posts\/25839","targetHints":{"allow":["GET"]}}],"collection":[{"href":"https:\/\/www.sudoestehoje.com.br\/novoportal\/wp-json\/wp\/v2\/posts"}],"about":[{"href":"https:\/\/www.sudoestehoje.com.br\/novoportal\/wp-json\/wp\/v2\/types\/post"}],"author":[{"embeddable":true,"href":"https:\/\/www.sudoestehoje.com.br\/novoportal\/wp-json\/wp\/v2\/users\/2"}],"replies":[{"embeddable":true,"href":"https:\/\/www.sudoestehoje.com.br\/novoportal\/wp-json\/wp\/v2\/comments?post=25839"}],"version-history":[{"count":4,"href":"https:\/\/www.sudoestehoje.com.br\/novoportal\/wp-json\/wp\/v2\/posts\/25839\/revisions"}],"predecessor-version":[{"id":25843,"href":"https:\/\/www.sudoestehoje.com.br\/novoportal\/wp-json\/wp\/v2\/posts\/25839\/revisions\/25843"}],"wp:attachment":[{"href":"https:\/\/www.sudoestehoje.com.br\/novoportal\/wp-json\/wp\/v2\/media?parent=25839"}],"wp:term":[{"taxonomy":"category","embeddable":true,"href":"https:\/\/www.sudoestehoje.com.br\/novoportal\/wp-json\/wp\/v2\/categories?post=25839"},{"taxonomy":"post_tag","embeddable":true,"href":"https:\/\/www.sudoestehoje.com.br\/novoportal\/wp-json\/wp\/v2\/tags?post=25839"}],"curies":[{"name":"wp","href":"https:\/\/api.w.org\/{rel}","templated":true}]}}