
{"id":25823,"date":"2013-04-15T18:09:40","date_gmt":"2013-04-15T21:09:40","guid":{"rendered":"http:\/\/www.sudoestehoje.com.br\/novoportal\/?p=25823"},"modified":"2013-04-15T18:09:40","modified_gmt":"2013-04-15T21:09:40","slug":"pesquisa-interna-incomoda-petistas","status":"publish","type":"post","link":"https:\/\/www.sudoestehoje.com.br\/novoportal\/2013\/04\/15\/pesquisa-interna-incomoda-petistas\/","title":{"rendered":"PESQUISA INTERNA INCOMODA PETISTAS"},"content":{"rendered":"<p><img decoding=\"async\" class=\"aligncenter\" alt=\"\" src=\"http:\/\/www.jornalgrandebahia.com.br\/wp-content\/uploads\/2012\/11\/Ant%C3%B4nio-Carlos-Magalh%C3%A3es-Neto-185.jpg\" width=\"400\" \/><\/p>\n<p>&nbsp;<\/p>\n<p>O governo do Estado est\u00e1 de posse uma pesquisa de uso interno que o incomoda demais e que pode ser um dos motivos pelos quais, nos bastidores pol\u00edticos, bols\u00f5es petistas est\u00e3o fazendo de tudo para sabotar eventuais rela\u00e7\u00f5es republicanas que o governador Jaques Wagner mantenha com o prefeito ACM Neto.<\/p>\n<p>Disparado \u00e0 frente nas inten\u00e7\u00f5es de voto pata governador em 2014, com 36%, Neto (DEM) \u00e9 seguido pelo ex-ministro Geddel Vieira Lima (PMDB), com 9%. O primeiro petista da turma \u00e9 o senador Walter Pinheiro (6%), com o vice-governador Otto Alencar (PSD) nas proximidades (5%).<\/p>\n<p>O prefeito de Feira de Santana, Jos\u00e9 Ronaldo (DEM), foi lembrado com 3,5%. Os demais, nesta ordem, est\u00e3o de 2% para baixo: deputado Marcelo Nilo (PDT), ex-prefeito Luiz Caetano (PT), secret\u00e1rio Rui Costa (PT), ex-prefeito Jo\u00e3o Gualberto (PSDB) e secret\u00e1rio Jos\u00e9 S\u00e9rgio Gabrielli (PT).<\/p>\n<p><strong><em>Blog Por Escrito<\/em><\/strong><\/p>\n","protected":false},"excerpt":{"rendered":"<p>&nbsp; O governo do Estado est\u00e1 de posse uma pesquisa de uso interno que o incomoda demais e que pode ser um dos motivos pelos quais, nos bastidores pol\u00edticos, bols\u00f5es petistas est\u00e3o fazendo de tudo para sabotar eventuais rela\u00e7\u00f5es republicanas que o governador Jaques Wagner mantenha com o prefeito ACM Neto. Disparado \u00e0 frente nas [&hellip;]<\/p>\n","protected":false},"author":2,"featured_media":0,"comment_status":"open","ping_status":"open","sticky":false,"template":"","format":"standard","meta":{"footnotes":"","_links_to":"","_links_to_target":""},"categories":[1],"tags":[],"class_list":["post-25823","post","type-post","status-publish","format-standard","hentry","category-geral"],"views":1209,"_links":{"self":[{"href":"https:\/\/www.sudoestehoje.com.br\/novoportal\/wp-json\/wp\/v2\/posts\/25823","targetHints":{"allow":["GET"]}}],"collection":[{"href":"https:\/\/www.sudoestehoje.com.br\/novoportal\/wp-json\/wp\/v2\/posts"}],"about":[{"href":"https:\/\/www.sudoestehoje.com.br\/novoportal\/wp-json\/wp\/v2\/types\/post"}],"author":[{"embeddable":true,"href":"https:\/\/www.sudoestehoje.com.br\/novoportal\/wp-json\/wp\/v2\/users\/2"}],"replies":[{"embeddable":true,"href":"https:\/\/www.sudoestehoje.com.br\/novoportal\/wp-json\/wp\/v2\/comments?post=25823"}],"version-history":[{"count":2,"href":"https:\/\/www.sudoestehoje.com.br\/novoportal\/wp-json\/wp\/v2\/posts\/25823\/revisions"}],"predecessor-version":[{"id":25825,"href":"https:\/\/www.sudoestehoje.com.br\/novoportal\/wp-json\/wp\/v2\/posts\/25823\/revisions\/25825"}],"wp:attachment":[{"href":"https:\/\/www.sudoestehoje.com.br\/novoportal\/wp-json\/wp\/v2\/media?parent=25823"}],"wp:term":[{"taxonomy":"category","embeddable":true,"href":"https:\/\/www.sudoestehoje.com.br\/novoportal\/wp-json\/wp\/v2\/categories?post=25823"},{"taxonomy":"post_tag","embeddable":true,"href":"https:\/\/www.sudoestehoje.com.br\/novoportal\/wp-json\/wp\/v2\/tags?post=25823"}],"curies":[{"name":"wp","href":"https:\/\/api.w.org\/{rel}","templated":true}]}}