
{"id":25818,"date":"2013-04-15T17:47:28","date_gmt":"2013-04-15T20:47:28","guid":{"rendered":"http:\/\/www.sudoestehoje.com.br\/novoportal\/?p=25818"},"modified":"2013-04-15T17:47:28","modified_gmt":"2013-04-15T20:47:28","slug":"caetano-feliciano-serve-ao-diabo","status":"publish","type":"post","link":"https:\/\/www.sudoestehoje.com.br\/novoportal\/2013\/04\/15\/caetano-feliciano-serve-ao-diabo\/","title":{"rendered":"CAETANO: &#8220;FELICIANO SERVE AO DIABO&#8221;"},"content":{"rendered":"<p><img decoding=\"async\" class=\"aligncenter\" alt=\": \" src=\"http:\/\/www.brasil247.com\/images\/cache\/1000x357\/crop\/images%7Ccms-image-000311368.jpg\" width=\"500\" \/><\/p>\n<p>&nbsp;<\/p>\n<p>O cantor dedicou sua coluna em o Globo deste domingo para comentar a declara\u00e7\u00e3o do presidente da Comiss\u00e3o de Direitos Humanos e Minorias da C\u00e2mara de que ele teria feito pacto com o Diabo para ter sucesso com a m\u00fasica &#8216;Sozinho&#8217;; ao dizer que Feliciano usa de &#8220;mentira&#8221; e de &#8220;injusti\u00e7a&#8221;, Caetano sugere que \u00e9 ele quem serve de fato a Satan\u00e1s; &#8220;Eu creio na justi\u00e7a e na verdade. Esses valores atribu\u00eddos a Deus t\u00eam minha ades\u00e3o irrestrita. N\u00e3o sei que Deus sustenta a injusti\u00e7a e a mentira. Ou ser\u00e1 que \u00e9 a\u00ed que o diabo est\u00e1?&#8221;<\/p>\n","protected":false},"excerpt":{"rendered":"<p>&nbsp; O cantor dedicou sua coluna em o Globo deste domingo para comentar a declara\u00e7\u00e3o do presidente da Comiss\u00e3o de Direitos Humanos e Minorias da C\u00e2mara de que ele teria feito pacto com o Diabo para ter sucesso com a m\u00fasica &#8216;Sozinho&#8217;; ao dizer que Feliciano usa de &#8220;mentira&#8221; e de &#8220;injusti\u00e7a&#8221;, Caetano sugere que [&hellip;]<\/p>\n","protected":false},"author":2,"featured_media":0,"comment_status":"open","ping_status":"open","sticky":false,"template":"","format":"standard","meta":{"footnotes":"","_links_to":"","_links_to_target":""},"categories":[1],"tags":[],"class_list":["post-25818","post","type-post","status-publish","format-standard","hentry","category-geral"],"views":1307,"_links":{"self":[{"href":"https:\/\/www.sudoestehoje.com.br\/novoportal\/wp-json\/wp\/v2\/posts\/25818","targetHints":{"allow":["GET"]}}],"collection":[{"href":"https:\/\/www.sudoestehoje.com.br\/novoportal\/wp-json\/wp\/v2\/posts"}],"about":[{"href":"https:\/\/www.sudoestehoje.com.br\/novoportal\/wp-json\/wp\/v2\/types\/post"}],"author":[{"embeddable":true,"href":"https:\/\/www.sudoestehoje.com.br\/novoportal\/wp-json\/wp\/v2\/users\/2"}],"replies":[{"embeddable":true,"href":"https:\/\/www.sudoestehoje.com.br\/novoportal\/wp-json\/wp\/v2\/comments?post=25818"}],"version-history":[{"count":4,"href":"https:\/\/www.sudoestehoje.com.br\/novoportal\/wp-json\/wp\/v2\/posts\/25818\/revisions"}],"predecessor-version":[{"id":25822,"href":"https:\/\/www.sudoestehoje.com.br\/novoportal\/wp-json\/wp\/v2\/posts\/25818\/revisions\/25822"}],"wp:attachment":[{"href":"https:\/\/www.sudoestehoje.com.br\/novoportal\/wp-json\/wp\/v2\/media?parent=25818"}],"wp:term":[{"taxonomy":"category","embeddable":true,"href":"https:\/\/www.sudoestehoje.com.br\/novoportal\/wp-json\/wp\/v2\/categories?post=25818"},{"taxonomy":"post_tag","embeddable":true,"href":"https:\/\/www.sudoestehoje.com.br\/novoportal\/wp-json\/wp\/v2\/tags?post=25818"}],"curies":[{"name":"wp","href":"https:\/\/api.w.org\/{rel}","templated":true}]}}