
{"id":25808,"date":"2013-04-14T23:02:35","date_gmt":"2013-04-15T02:02:35","guid":{"rendered":"http:\/\/www.sudoestehoje.com.br\/novoportal\/?p=25808"},"modified":"2013-04-14T23:02:35","modified_gmt":"2013-04-15T02:02:35","slug":"alecio-fora-de-cena","status":"publish","type":"post","link":"https:\/\/www.sudoestehoje.com.br\/novoportal\/2013\/04\/14\/alecio-fora-de-cena\/","title":{"rendered":"AL\u00c9CIO FORA DE CENA"},"content":{"rendered":"<p><img decoding=\"async\" class=\"aligncenter\" alt=\"\" src=\"http:\/\/2.bp.blogspot.com\/-ff-4FDk9pt8\/UPSClq2gEeI\/AAAAAAAAzps\/GpJj_3tdiq4\/s1600\/sumido-recados+(8).gif\" width=\"150\" \/><\/p>\n<p>Tenho recebido informa\u00e7\u00f5es de que o vice Al\u00e9cio saiu de cena e foi para Vit\u00f3ria da Conquista &#8216;esfriar a cabe\u00e7a&#8217;, depois do aperto que teria recebido de Z\u00e9 Carlos e Cida, que teriam pedido a demiss\u00e3o da sua parentada dos cargos que ocupam na secretaria de educa\u00e7\u00e3o. Al\u00e9cio sumiu do mapa, mas deixou para os caciques petistas a incumb\u00eancia de pedirem ao deputado Rosemberg Pinto para segurar os seus empregos na prefeitura, a todo custo. O argumento de alguns petistas \u00e9 de que tem gente na base do governo querendo &#8216;puxar o tapete&#8217; de Al\u00e9cio, para obter mais espa\u00e7o pol\u00edtico no grupo. Pode at\u00e9 ser que tenha, mas que o nepotismo escancarado do vice Al\u00e9cio \u00e9 uma vergonha, isto n\u00e3o h\u00e1 d\u00favida. J\u00e1 tem gente apostando que Z\u00e9 Carlos vai dar &#8216;rabichola&#8217; e manter o privil\u00e9gios do vice e seus parentes. S\u00f3 que no final, quem paga o pato \u00e9 o prefeito, porque vice e nada \u00e9 a mesma coisa.<\/p>\n","protected":false},"excerpt":{"rendered":"<p>Tenho recebido informa\u00e7\u00f5es de que o vice Al\u00e9cio saiu de cena e foi para Vit\u00f3ria da Conquista &#8216;esfriar a cabe\u00e7a&#8217;, depois do aperto que teria recebido de Z\u00e9 Carlos e Cida, que teriam pedido a demiss\u00e3o da sua parentada dos cargos que ocupam na secretaria de educa\u00e7\u00e3o. Al\u00e9cio sumiu do mapa, mas deixou para os [&hellip;]<\/p>\n","protected":false},"author":2,"featured_media":0,"comment_status":"open","ping_status":"open","sticky":false,"template":"","format":"standard","meta":{"footnotes":"","_links_to":"","_links_to_target":""},"categories":[11],"tags":[],"class_list":["post-25808","post","type-post","status-publish","format-standard","hentry","category-quentinhas"],"views":1470,"_links":{"self":[{"href":"https:\/\/www.sudoestehoje.com.br\/novoportal\/wp-json\/wp\/v2\/posts\/25808","targetHints":{"allow":["GET"]}}],"collection":[{"href":"https:\/\/www.sudoestehoje.com.br\/novoportal\/wp-json\/wp\/v2\/posts"}],"about":[{"href":"https:\/\/www.sudoestehoje.com.br\/novoportal\/wp-json\/wp\/v2\/types\/post"}],"author":[{"embeddable":true,"href":"https:\/\/www.sudoestehoje.com.br\/novoportal\/wp-json\/wp\/v2\/users\/2"}],"replies":[{"embeddable":true,"href":"https:\/\/www.sudoestehoje.com.br\/novoportal\/wp-json\/wp\/v2\/comments?post=25808"}],"version-history":[{"count":1,"href":"https:\/\/www.sudoestehoje.com.br\/novoportal\/wp-json\/wp\/v2\/posts\/25808\/revisions"}],"predecessor-version":[{"id":25809,"href":"https:\/\/www.sudoestehoje.com.br\/novoportal\/wp-json\/wp\/v2\/posts\/25808\/revisions\/25809"}],"wp:attachment":[{"href":"https:\/\/www.sudoestehoje.com.br\/novoportal\/wp-json\/wp\/v2\/media?parent=25808"}],"wp:term":[{"taxonomy":"category","embeddable":true,"href":"https:\/\/www.sudoestehoje.com.br\/novoportal\/wp-json\/wp\/v2\/categories?post=25808"},{"taxonomy":"post_tag","embeddable":true,"href":"https:\/\/www.sudoestehoje.com.br\/novoportal\/wp-json\/wp\/v2\/tags?post=25808"}],"curies":[{"name":"wp","href":"https:\/\/api.w.org\/{rel}","templated":true}]}}