
{"id":255,"date":"2010-07-27T08:38:30","date_gmt":"2010-07-27T11:38:30","guid":{"rendered":"http:\/\/sudoestehoje.tempsite.ws\/novoportal\/?p=255"},"modified":"2010-09-22T16:53:35","modified_gmt":"2010-09-22T19:53:35","slug":"dilma-nao-garante-presenca-em-comicio-de-geddel","status":"publish","type":"post","link":"https:\/\/www.sudoestehoje.com.br\/novoportal\/2010\/07\/27\/dilma-nao-garante-presenca-em-comicio-de-geddel\/","title":{"rendered":"DILMA N\u00c3O GARANTE PRESEN\u00c7A EM COMICIO DE GEDDEL"},"content":{"rendered":"<div><a href=\"http:\/\/www.politicalivre.com.br\/wp-content\/uploads\/2010\/02\/Dilma-e-Geddel.jpg\"><\/a><\/p>\n<div style=\"text-align: center;\"><a href=\"http:\/\/www.politicalivre.com.br\/wp-content\/uploads\/2010\/02\/Dilma-e-Geddel.jpg\"><img loading=\"lazy\" decoding=\"async\" title=\"Dilma e Geddel\" src=\"http:\/\/www.politicalivre.com.br\/wp-content\/uploads\/2010\/02\/Dilma-e-Geddel-300x199.jpg\" border=\"0\" alt=\"\" width=\"300\" height=\"199\" \/><\/a><\/div>\n<p style=\"text-align: center;\">Geddel contava com o cumprimento de um acordo firmado entre as duas legendas<\/p>\n<p>A  candidata do PT \u00e0 Presid\u00eancia da Rep\u00fablica, Dilma Rousseff, desembarcou  na tarde de ontem no Aeroporto de Salvador, onde concedeu entrevista \u00e0  imprensa antes de seguir para o com\u00edcio. Na ocasi\u00e3o, a ex-ministra de  Lula, que tem dois palanques no estado \u2013 Wagner e Geddel Vieira Lima  (PMDB) \u2013 revelou que ser\u00e1 dif\u00edcil voltar \u00e0 Bahia para participar de  atividades da campanha do peemedebista. \u201cTenho que ver a disponibilidade  da minha agenda, vou fazer um grande esfor\u00e7o para voltar \u00e0 Bahia, mas  n\u00e3o tenho certeza se vai dar tempo. Faltando pouco mais de trinta dias  para o pleito, tenho as grava\u00e7\u00f5es dos programas de televis\u00e3o, os debates  e as entrevistas. Alem disso, ainda tenho que voltar em alguns estados,  e preciso ir a outros que ainda n\u00e3o tive condi\u00e7\u00f5es de visitar, tenho  que completar o Nordeste e o Norte do pa\u00eds. Anteontem completei o  Centro-Oeste\u201d, explicou. Leia mais na <a href=\"http:\/\/www.tribunadabahia.com.br\/news.php?idAtual=57417\" target=\"_blank\"><span style=\"color: #7d7d7d; font-size: x-small;\">Tribuna<\/span><\/a>.<\/p>\n<\/div>\n","protected":false},"excerpt":{"rendered":"<p>Geddel contava com o cumprimento de um acordo firmado entre as duas legendas A candidata do PT \u00e0 Presid\u00eancia da Rep\u00fablica, Dilma Rousseff, desembarcou na tarde de ontem no Aeroporto de Salvador, onde concedeu entrevista \u00e0 imprensa antes de seguir para o com\u00edcio. Na ocasi\u00e3o, a ex-ministra de Lula, que tem dois palanques no estado [&hellip;]<\/p>\n","protected":false},"author":1,"featured_media":0,"comment_status":"open","ping_status":"open","sticky":false,"template":"","format":"standard","meta":{"footnotes":"","_links_to":"","_links_to_target":""},"categories":[1],"tags":[],"class_list":["post-255","post","type-post","status-publish","format-standard","hentry","category-geral"],"views":1325,"_links":{"self":[{"href":"https:\/\/www.sudoestehoje.com.br\/novoportal\/wp-json\/wp\/v2\/posts\/255","targetHints":{"allow":["GET"]}}],"collection":[{"href":"https:\/\/www.sudoestehoje.com.br\/novoportal\/wp-json\/wp\/v2\/posts"}],"about":[{"href":"https:\/\/www.sudoestehoje.com.br\/novoportal\/wp-json\/wp\/v2\/types\/post"}],"author":[{"embeddable":true,"href":"https:\/\/www.sudoestehoje.com.br\/novoportal\/wp-json\/wp\/v2\/users\/1"}],"replies":[{"embeddable":true,"href":"https:\/\/www.sudoestehoje.com.br\/novoportal\/wp-json\/wp\/v2\/comments?post=255"}],"version-history":[{"count":3,"href":"https:\/\/www.sudoestehoje.com.br\/novoportal\/wp-json\/wp\/v2\/posts\/255\/revisions"}],"predecessor-version":[{"id":590,"href":"https:\/\/www.sudoestehoje.com.br\/novoportal\/wp-json\/wp\/v2\/posts\/255\/revisions\/590"}],"wp:attachment":[{"href":"https:\/\/www.sudoestehoje.com.br\/novoportal\/wp-json\/wp\/v2\/media?parent=255"}],"wp:term":[{"taxonomy":"category","embeddable":true,"href":"https:\/\/www.sudoestehoje.com.br\/novoportal\/wp-json\/wp\/v2\/categories?post=255"},{"taxonomy":"post_tag","embeddable":true,"href":"https:\/\/www.sudoestehoje.com.br\/novoportal\/wp-json\/wp\/v2\/tags?post=255"}],"curies":[{"name":"wp","href":"https:\/\/api.w.org\/{rel}","templated":true}]}}