
{"id":25476,"date":"2013-04-03T23:58:04","date_gmt":"2013-04-04T02:58:04","guid":{"rendered":"http:\/\/www.sudoestehoje.com.br\/novoportal\/?p=25476"},"modified":"2013-04-03T23:58:04","modified_gmt":"2013-04-04T02:58:04","slug":"prefeitos-nordestinos-preparam-marcha-dos-sem-agua-em-brasilia","status":"publish","type":"post","link":"https:\/\/www.sudoestehoje.com.br\/novoportal\/2013\/04\/03\/prefeitos-nordestinos-preparam-marcha-dos-sem-agua-em-brasilia\/","title":{"rendered":"PREFEITOS NORDESTINOS PREPARAM MARCHA DOS &#8220;SEM \u00c1GUA&#8221; EM BRASILIA"},"content":{"rendered":"<p><img decoding=\"async\" class=\"aligncenter\" alt=\"\" src=\"http:\/\/imgsapp.em.com.br\/app\/noticia_127983242361\/2013\/02\/12\/349924\/20130212074539763215u.jpg\" width=\"500\" \/><\/p>\n<p>&nbsp;<\/p>\n<p>Um dia depois da presidente Dilma Rousseff anunciar um pacote de medidas para o enfrentamento da seca, prefeitos nordestinos manifestaram n\u00e3o parecer estar &#8220;levando f\u00e9&#8221; na a\u00e7\u00e3o e preparam para abril uma marcha em dire\u00e7\u00e3o \u00e0 Bras\u00edlia, batizada de &#8220;Movimento dos Sem \u00c1gua&#8221;, com o objetivo de pressionar o governo federal a adotar &#8220;medidas pr\u00e1ticas, objetivas e emergenciais&#8221; para &#8220;salvar o Nordeste&#8221;.<\/p>\n<p>Conforme a presidente da Uni\u00e3o das Prefeituras da Bahia (UPB), a prefeita Maria Quit\u00e9ria Mendes (PSB), a ideia da marcha surgiu ap\u00f3s encontros de dirigentes municipalistas que buscavam ajuda para os nordestinos. &#8220;Quando acontece alguma cat\u00e1strofe no sul ou sudeste, como enchentes e deslizamento, o governo federal responde quase que imediatamente, mas com o Nordeste o tratamento tem sido diferente. Prometem mundos e fundos, mas para que 10% disso vire realidade precisamos fazer um sacrif\u00edcio enorme&#8221;, disse.<\/p>\n","protected":false},"excerpt":{"rendered":"<p>&nbsp; Um dia depois da presidente Dilma Rousseff anunciar um pacote de medidas para o enfrentamento da seca, prefeitos nordestinos manifestaram n\u00e3o parecer estar &#8220;levando f\u00e9&#8221; na a\u00e7\u00e3o e preparam para abril uma marcha em dire\u00e7\u00e3o \u00e0 Bras\u00edlia, batizada de &#8220;Movimento dos Sem \u00c1gua&#8221;, com o objetivo de pressionar o governo federal a adotar &#8220;medidas [&hellip;]<\/p>\n","protected":false},"author":2,"featured_media":0,"comment_status":"open","ping_status":"open","sticky":false,"template":"","format":"standard","meta":{"footnotes":"","_links_to":"","_links_to_target":""},"categories":[1],"tags":[],"class_list":["post-25476","post","type-post","status-publish","format-standard","hentry","category-geral"],"views":1676,"_links":{"self":[{"href":"https:\/\/www.sudoestehoje.com.br\/novoportal\/wp-json\/wp\/v2\/posts\/25476","targetHints":{"allow":["GET"]}}],"collection":[{"href":"https:\/\/www.sudoestehoje.com.br\/novoportal\/wp-json\/wp\/v2\/posts"}],"about":[{"href":"https:\/\/www.sudoestehoje.com.br\/novoportal\/wp-json\/wp\/v2\/types\/post"}],"author":[{"embeddable":true,"href":"https:\/\/www.sudoestehoje.com.br\/novoportal\/wp-json\/wp\/v2\/users\/2"}],"replies":[{"embeddable":true,"href":"https:\/\/www.sudoestehoje.com.br\/novoportal\/wp-json\/wp\/v2\/comments?post=25476"}],"version-history":[{"count":4,"href":"https:\/\/www.sudoestehoje.com.br\/novoportal\/wp-json\/wp\/v2\/posts\/25476\/revisions"}],"predecessor-version":[{"id":25480,"href":"https:\/\/www.sudoestehoje.com.br\/novoportal\/wp-json\/wp\/v2\/posts\/25476\/revisions\/25480"}],"wp:attachment":[{"href":"https:\/\/www.sudoestehoje.com.br\/novoportal\/wp-json\/wp\/v2\/media?parent=25476"}],"wp:term":[{"taxonomy":"category","embeddable":true,"href":"https:\/\/www.sudoestehoje.com.br\/novoportal\/wp-json\/wp\/v2\/categories?post=25476"},{"taxonomy":"post_tag","embeddable":true,"href":"https:\/\/www.sudoestehoje.com.br\/novoportal\/wp-json\/wp\/v2\/tags?post=25476"}],"curies":[{"name":"wp","href":"https:\/\/api.w.org\/{rel}","templated":true}]}}