
{"id":25462,"date":"2013-04-03T18:45:17","date_gmt":"2013-04-03T21:45:17","guid":{"rendered":"http:\/\/www.sudoestehoje.com.br\/novoportal\/?p=25462"},"modified":"2013-04-03T18:45:17","modified_gmt":"2013-04-03T21:45:17","slug":"pt-baiano-engasgou-com-cesar-borges-no-governo-dilma","status":"publish","type":"post","link":"https:\/\/www.sudoestehoje.com.br\/novoportal\/2013\/04\/03\/pt-baiano-engasgou-com-cesar-borges-no-governo-dilma\/","title":{"rendered":"PT BAIANO ENGASGOU COM CESAR BORGES NO GOVERNO DILMA"},"content":{"rendered":"<p style=\"text-align: center;\"><img decoding=\"async\" class=\"aligncenter\" alt=\": \" src=\"http:\/\/www.brasil247.com\/images\/cache\/320x182\/crop\/images%7Ccms-image-000309783.jpg\" width=\"400\" \/><\/p>\n<p>&nbsp;<\/p>\n<p>A decis\u00e3o da presidente Dilma Rousseff de escolher o ex-governador e ex-senador C\u00e9sar Borges (PR) para o Minist\u00e9rio dos Transportes deixou muitos dos seus correligion\u00e1rios insatisfeitos na Bahia; mas eles preferem n\u00e3o se indispor com ela; figuras como o senador Walter Pinheiro e o deputado Nelson Pelegrino se calaram diante da escolha de um ex-carlista que eles tanto combateram; \u00fanico a atender \u00e0s liga\u00e7\u00f5es do 247 foi Emiliano Jos\u00e9; mas ele pediu para ter preservado seu direito ao sil\u00eancio<\/p>\n","protected":false},"excerpt":{"rendered":"<p>&nbsp; A decis\u00e3o da presidente Dilma Rousseff de escolher o ex-governador e ex-senador C\u00e9sar Borges (PR) para o Minist\u00e9rio dos Transportes deixou muitos dos seus correligion\u00e1rios insatisfeitos na Bahia; mas eles preferem n\u00e3o se indispor com ela; figuras como o senador Walter Pinheiro e o deputado Nelson Pelegrino se calaram diante da escolha de um [&hellip;]<\/p>\n","protected":false},"author":2,"featured_media":0,"comment_status":"open","ping_status":"open","sticky":false,"template":"","format":"standard","meta":{"footnotes":"","_links_to":"","_links_to_target":""},"categories":[1],"tags":[],"class_list":["post-25462","post","type-post","status-publish","format-standard","hentry","category-geral"],"views":1094,"_links":{"self":[{"href":"https:\/\/www.sudoestehoje.com.br\/novoportal\/wp-json\/wp\/v2\/posts\/25462","targetHints":{"allow":["GET"]}}],"collection":[{"href":"https:\/\/www.sudoestehoje.com.br\/novoportal\/wp-json\/wp\/v2\/posts"}],"about":[{"href":"https:\/\/www.sudoestehoje.com.br\/novoportal\/wp-json\/wp\/v2\/types\/post"}],"author":[{"embeddable":true,"href":"https:\/\/www.sudoestehoje.com.br\/novoportal\/wp-json\/wp\/v2\/users\/2"}],"replies":[{"embeddable":true,"href":"https:\/\/www.sudoestehoje.com.br\/novoportal\/wp-json\/wp\/v2\/comments?post=25462"}],"version-history":[{"count":1,"href":"https:\/\/www.sudoestehoje.com.br\/novoportal\/wp-json\/wp\/v2\/posts\/25462\/revisions"}],"predecessor-version":[{"id":25463,"href":"https:\/\/www.sudoestehoje.com.br\/novoportal\/wp-json\/wp\/v2\/posts\/25462\/revisions\/25463"}],"wp:attachment":[{"href":"https:\/\/www.sudoestehoje.com.br\/novoportal\/wp-json\/wp\/v2\/media?parent=25462"}],"wp:term":[{"taxonomy":"category","embeddable":true,"href":"https:\/\/www.sudoestehoje.com.br\/novoportal\/wp-json\/wp\/v2\/categories?post=25462"},{"taxonomy":"post_tag","embeddable":true,"href":"https:\/\/www.sudoestehoje.com.br\/novoportal\/wp-json\/wp\/v2\/tags?post=25462"}],"curies":[{"name":"wp","href":"https:\/\/api.w.org\/{rel}","templated":true}]}}