
{"id":25355,"date":"2013-03-29T00:28:14","date_gmt":"2013-03-29T03:28:14","guid":{"rendered":"http:\/\/www.sudoestehoje.com.br\/novoportal\/?p=25355"},"modified":"2013-03-29T10:51:24","modified_gmt":"2013-03-29T13:51:24","slug":"acm-neto-quer-implodir-aeroclube","status":"publish","type":"post","link":"https:\/\/www.sudoestehoje.com.br\/novoportal\/2013\/03\/29\/acm-neto-quer-implodir-aeroclube\/","title":{"rendered":"ACM NETO QUER IMPLODIR O AEROCLUBE"},"content":{"rendered":"<p><img decoding=\"async\" class=\"aligncenter\" alt=\"\" src=\"http:\/\/t3.gstatic.com\/images?q=tbn:ANd9GcQ1rv-zaywfyzJiU3wHpgtKbMiLtvjZp9DKi88fLDSuWHIO40TmAg\" width=\"400\" \/><\/p>\n<p>&nbsp;<\/p>\n<p>O prefeito de Salvador, ACM Neto, deixou escapar, em coletiva de imprensa, na tarde desta quarta-feira (27), que o Aeroclube Plaza Show ser\u00e1 implodido. Ao falar do projeto de revitaliza\u00e7\u00e3o da orla, que ser\u00e1 dividido em sete partes \u2013 desde a \u00e1rea atl\u00e2ntica at\u00e9 o Mercado de Itapu\u00e3 \u2013, ele soltou: &#8220;N\u00e3o vejo a hora de demolir aquilo l\u00e1&#8221;. Instigado a detalhar o tema, o gestor indicou que houve duas propostas, sem explicar quais, mas definiu que a responsabilidade ficar\u00e1 a cargo da Secretaria Municipal de Urbanismo e Transporte (Smut). &#8220;Sim, vamos demolir e come\u00e7ar [o projeto] do zero. O segundo projeto agradou a prefeitura, informou [Jos\u00e9 Carlos] Aleluia [titular da Smut]. O primeiro n\u00e3o. Isso tamb\u00e9m est\u00e1 sendo discutido com o MP [Minist\u00e9rio P\u00fablico] para evitar questionamentos legais sobre prazo da concess\u00e3o, modelo etc.&#8221;, ponderou.<\/p>\n<p>O Aeroclube, que teve recentemente a concess\u00e3o ampliada pela prefeitura ao Cons\u00f3rcio Parques Urbanos para 2056, enfrenta um per\u00edodo de decad\u00eancia, desde 2008, quando as obras de reformula\u00e7\u00e3o foram embargadas pela Justi\u00e7a. O projeto para a nova orla da capital baiana ser\u00e1 apresentado em abril, mas depende de investimentos do governo federal. BN<\/p>\n","protected":false},"excerpt":{"rendered":"<p>&nbsp; O prefeito de Salvador, ACM Neto, deixou escapar, em coletiva de imprensa, na tarde desta quarta-feira (27), que o Aeroclube Plaza Show ser\u00e1 implodido. Ao falar do projeto de revitaliza\u00e7\u00e3o da orla, que ser\u00e1 dividido em sete partes \u2013 desde a \u00e1rea atl\u00e2ntica at\u00e9 o Mercado de Itapu\u00e3 \u2013, ele soltou: &#8220;N\u00e3o vejo a [&hellip;]<\/p>\n","protected":false},"author":2,"featured_media":0,"comment_status":"open","ping_status":"open","sticky":false,"template":"","format":"standard","meta":{"footnotes":"","_links_to":"","_links_to_target":""},"categories":[1],"tags":[],"class_list":["post-25355","post","type-post","status-publish","format-standard","hentry","category-geral"],"views":1269,"_links":{"self":[{"href":"https:\/\/www.sudoestehoje.com.br\/novoportal\/wp-json\/wp\/v2\/posts\/25355","targetHints":{"allow":["GET"]}}],"collection":[{"href":"https:\/\/www.sudoestehoje.com.br\/novoportal\/wp-json\/wp\/v2\/posts"}],"about":[{"href":"https:\/\/www.sudoestehoje.com.br\/novoportal\/wp-json\/wp\/v2\/types\/post"}],"author":[{"embeddable":true,"href":"https:\/\/www.sudoestehoje.com.br\/novoportal\/wp-json\/wp\/v2\/users\/2"}],"replies":[{"embeddable":true,"href":"https:\/\/www.sudoestehoje.com.br\/novoportal\/wp-json\/wp\/v2\/comments?post=25355"}],"version-history":[{"count":4,"href":"https:\/\/www.sudoestehoje.com.br\/novoportal\/wp-json\/wp\/v2\/posts\/25355\/revisions"}],"predecessor-version":[{"id":25361,"href":"https:\/\/www.sudoestehoje.com.br\/novoportal\/wp-json\/wp\/v2\/posts\/25355\/revisions\/25361"}],"wp:attachment":[{"href":"https:\/\/www.sudoestehoje.com.br\/novoportal\/wp-json\/wp\/v2\/media?parent=25355"}],"wp:term":[{"taxonomy":"category","embeddable":true,"href":"https:\/\/www.sudoestehoje.com.br\/novoportal\/wp-json\/wp\/v2\/categories?post=25355"},{"taxonomy":"post_tag","embeddable":true,"href":"https:\/\/www.sudoestehoje.com.br\/novoportal\/wp-json\/wp\/v2\/tags?post=25355"}],"curies":[{"name":"wp","href":"https:\/\/api.w.org\/{rel}","templated":true}]}}