
{"id":25333,"date":"2013-03-27T17:00:22","date_gmt":"2013-03-27T20:00:22","guid":{"rendered":"http:\/\/www.sudoestehoje.com.br\/novoportal\/?p=25333"},"modified":"2013-03-27T17:00:22","modified_gmt":"2013-03-27T20:00:22","slug":"movimentos-sociais-fazem-manifestacao-contra-privatizacao-da-br-101","status":"publish","type":"post","link":"https:\/\/www.sudoestehoje.com.br\/novoportal\/2013\/03\/27\/movimentos-sociais-fazem-manifestacao-contra-privatizacao-da-br-101\/","title":{"rendered":"MOVIMENTOS SOCIAIS FAZEM MANIFESTA\u00c7\u00c3O CONTRA PRIVATIZA\u00c7\u00c3O DA BR-101"},"content":{"rendered":"<p><img decoding=\"async\" class=\"aligncenter\" alt=\"Movimentos sociais, liderados pelo Sindicato dos Banc\u00e1rios de Itabuna, iniciaram campanha contra a cobran\u00e7a de ped\u00e1gio no trecho baiano da BR-101. As manifesta\u00e7\u00f5es t\u00eam ocorrido em Itabuna e nos trechos da rodovia federal. A previs\u00e3o \u00e9 de que haja, apenas no sul da Bahia, tr\u00eas pra\u00e7as  de ped\u00e1gio.\" src=\"http:\/\/www.pimenta.blog.br\/wp-content\/uploads\/protesto-contra-privatiza%C3%A7%C3%A3o-da-BR-101.jpg\" width=\"500\" \/><\/p>\n<p>&nbsp;<\/p>\n<p>ITABUNA: Movimentos sociais liderados pelo Sindicato dos Banc\u00e1rios de Itabuna, iniciaram campanha contra a privatiza\u00e7\u00e3o e cobran\u00e7a de ped\u00e1gio no trecho baiano da BR-101. As manifesta\u00e7\u00f5es t\u00eam ocorrido em Itabuna e nos trechos da rodovia federal. A previs\u00e3o \u00e9 de que haja, apenas no sul da Bahia, tr\u00eas pra\u00e7as de ped\u00e1gio, al\u00e9m de outros tantos que ser\u00e3o instaladas ao longo da rodovia, da divisa com o Esp\u00edrito Santo at\u00e9 Sergipe. A concess\u00e3o da rodovia \u00e0 iniciativa privada deve durar 25 anos, podendo ser renovada. A disputa para definir a empresa que levar\u00e1 a concess\u00e3o, \u00a0j\u00e1 come\u00e7ou. Informa\u00e7\u00f5es do <em>Pimenta<\/em><\/p>\n","protected":false},"excerpt":{"rendered":"<p>&nbsp; ITABUNA: Movimentos sociais liderados pelo Sindicato dos Banc\u00e1rios de Itabuna, iniciaram campanha contra a privatiza\u00e7\u00e3o e cobran\u00e7a de ped\u00e1gio no trecho baiano da BR-101. As manifesta\u00e7\u00f5es t\u00eam ocorrido em Itabuna e nos trechos da rodovia federal. A previs\u00e3o \u00e9 de que haja, apenas no sul da Bahia, tr\u00eas pra\u00e7as de ped\u00e1gio, al\u00e9m de outros [&hellip;]<\/p>\n","protected":false},"author":2,"featured_media":0,"comment_status":"open","ping_status":"open","sticky":false,"template":"","format":"standard","meta":{"footnotes":"","_links_to":"","_links_to_target":""},"categories":[1],"tags":[],"class_list":["post-25333","post","type-post","status-publish","format-standard","hentry","category-geral"],"views":1928,"_links":{"self":[{"href":"https:\/\/www.sudoestehoje.com.br\/novoportal\/wp-json\/wp\/v2\/posts\/25333","targetHints":{"allow":["GET"]}}],"collection":[{"href":"https:\/\/www.sudoestehoje.com.br\/novoportal\/wp-json\/wp\/v2\/posts"}],"about":[{"href":"https:\/\/www.sudoestehoje.com.br\/novoportal\/wp-json\/wp\/v2\/types\/post"}],"author":[{"embeddable":true,"href":"https:\/\/www.sudoestehoje.com.br\/novoportal\/wp-json\/wp\/v2\/users\/2"}],"replies":[{"embeddable":true,"href":"https:\/\/www.sudoestehoje.com.br\/novoportal\/wp-json\/wp\/v2\/comments?post=25333"}],"version-history":[{"count":3,"href":"https:\/\/www.sudoestehoje.com.br\/novoportal\/wp-json\/wp\/v2\/posts\/25333\/revisions"}],"predecessor-version":[{"id":25336,"href":"https:\/\/www.sudoestehoje.com.br\/novoportal\/wp-json\/wp\/v2\/posts\/25333\/revisions\/25336"}],"wp:attachment":[{"href":"https:\/\/www.sudoestehoje.com.br\/novoportal\/wp-json\/wp\/v2\/media?parent=25333"}],"wp:term":[{"taxonomy":"category","embeddable":true,"href":"https:\/\/www.sudoestehoje.com.br\/novoportal\/wp-json\/wp\/v2\/categories?post=25333"},{"taxonomy":"post_tag","embeddable":true,"href":"https:\/\/www.sudoestehoje.com.br\/novoportal\/wp-json\/wp\/v2\/tags?post=25333"}],"curies":[{"name":"wp","href":"https:\/\/api.w.org\/{rel}","templated":true}]}}