
{"id":25306,"date":"2013-03-26T11:38:09","date_gmt":"2013-03-26T14:38:09","guid":{"rendered":"http:\/\/www.sudoestehoje.com.br\/novoportal\/?p=25306"},"modified":"2013-03-26T12:00:16","modified_gmt":"2013-03-26T15:00:16","slug":"cantor-gustavo-lima-diz-em-show-que-vai-se-aposentar","status":"publish","type":"post","link":"https:\/\/www.sudoestehoje.com.br\/novoportal\/2013\/03\/26\/cantor-gustavo-lima-diz-em-show-que-vai-se-aposentar\/","title":{"rendered":"CANTOR GUSTAVO LIMA DIZ EM SHOW QUE VAI SE APOSENTAR"},"content":{"rendered":"<p>http:\/\/www.youtube.com\/watch?feature=player_embedded&#038;v=-3sYcgwGnRE<\/p>\n<p>&nbsp;<\/p>\n<p>O cantor Gusttavo Lima usou o palco do Iper\u00f3 Fest, no interior de S\u00e3o Paulo, na \u00faltima sexta-feira (22), para desabafar. O cantor deixou a entender que poder\u00e1 encerrar sua carreira musical em breve. \u201cTem uma coisa que vou falar para voc\u00eas hoje que nunca falei para ningu\u00e9m. Estou pensando seriamente, talvez esse seja um dos \u00faltimos shows que vou fazer na minha vida. Eu j\u00e1 n\u00e3o aguento mais, eu j\u00e1 n\u00e3o suporto mais. Tudo que vivi na m\u00fasica sertaneja, agrade\u00e7o a voc\u00eas, f\u00e3s de verdade, f\u00e3s de cora\u00e7\u00e3o\u201d, disse ele.<\/p>\n<p><em id=\"__mceDel\"><em id=\"__mceDel\">Antes do desabafo, Gusttavo, que aos 23 anos est\u00e1 em uma das melhores fases de sua carreira com indica\u00e7\u00e3o ao pr\u00eamio de melhor cantor do mundo pelo \u201cWorld Music Award\u201d, agradeceu o carinho de seus tietes. \u201cVoc\u00eas podem ter certeza que o sonho de qualquer artista \u00e9 ter f\u00e3s iguais a voc\u00eas. Estou muito feliz hoje. S\u00e3o 14 anos de carreira, 14 anos de luta. Desses 14, 10 foram cantando em barzinho, foram anos maravilhosos\u201d. A assessoria de imprensa do artiasta n\u00e3o quis se pronunciar sobre as declara\u00e7\u00f5es dele e avisou que um comunicado oficial ser\u00e1 enviado aos jornalistas.<\/em><\/em><\/p>\n<p><em id=\"__mceDel\">Assista no v\u00eddeo acima ao desabafo de Gusttavo Lima no palco do Iper\u00f3 Fest.<\/em><\/p>\n","protected":false},"excerpt":{"rendered":"<p>http:\/\/www.youtube.com\/watch?feature=player_embedded&#038;v=-3sYcgwGnRE &nbsp; O cantor Gusttavo Lima usou o palco do Iper\u00f3 Fest, no interior de S\u00e3o Paulo, na \u00faltima sexta-feira (22), para desabafar. O cantor deixou a entender que poder\u00e1 encerrar sua carreira musical em breve. \u201cTem uma coisa que vou falar para voc\u00eas hoje que nunca falei para ningu\u00e9m. Estou pensando seriamente, talvez esse [&hellip;]<\/p>\n","protected":false},"author":2,"featured_media":0,"comment_status":"open","ping_status":"open","sticky":false,"template":"","format":"standard","meta":{"footnotes":"","_links_to":"","_links_to_target":""},"categories":[1],"tags":[],"class_list":["post-25306","post","type-post","status-publish","format-standard","hentry","category-geral"],"views":1743,"_links":{"self":[{"href":"https:\/\/www.sudoestehoje.com.br\/novoportal\/wp-json\/wp\/v2\/posts\/25306","targetHints":{"allow":["GET"]}}],"collection":[{"href":"https:\/\/www.sudoestehoje.com.br\/novoportal\/wp-json\/wp\/v2\/posts"}],"about":[{"href":"https:\/\/www.sudoestehoje.com.br\/novoportal\/wp-json\/wp\/v2\/types\/post"}],"author":[{"embeddable":true,"href":"https:\/\/www.sudoestehoje.com.br\/novoportal\/wp-json\/wp\/v2\/users\/2"}],"replies":[{"embeddable":true,"href":"https:\/\/www.sudoestehoje.com.br\/novoportal\/wp-json\/wp\/v2\/comments?post=25306"}],"version-history":[{"count":5,"href":"https:\/\/www.sudoestehoje.com.br\/novoportal\/wp-json\/wp\/v2\/posts\/25306\/revisions"}],"predecessor-version":[{"id":25309,"href":"https:\/\/www.sudoestehoje.com.br\/novoportal\/wp-json\/wp\/v2\/posts\/25306\/revisions\/25309"}],"wp:attachment":[{"href":"https:\/\/www.sudoestehoje.com.br\/novoportal\/wp-json\/wp\/v2\/media?parent=25306"}],"wp:term":[{"taxonomy":"category","embeddable":true,"href":"https:\/\/www.sudoestehoje.com.br\/novoportal\/wp-json\/wp\/v2\/categories?post=25306"},{"taxonomy":"post_tag","embeddable":true,"href":"https:\/\/www.sudoestehoje.com.br\/novoportal\/wp-json\/wp\/v2\/tags?post=25306"}],"curies":[{"name":"wp","href":"https:\/\/api.w.org\/{rel}","templated":true}]}}