
{"id":253,"date":"2010-08-27T08:52:34","date_gmt":"2010-08-27T11:52:34","guid":{"rendered":"http:\/\/sudoestehoje.tempsite.ws\/novoportal\/?p=253"},"modified":"2010-09-18T14:03:18","modified_gmt":"2010-09-18T17:03:18","slug":"nova-datafolha-wagner-abre-24-sobre-paulo-souto","status":"publish","type":"post","link":"https:\/\/www.sudoestehoje.com.br\/novoportal\/2010\/08\/27\/nova-datafolha-wagner-abre-24-sobre-paulo-souto\/","title":{"rendered":"NOVA DATAFOLHA: WAGNER ABRE 24% SOBRE PAULO SOUTO"},"content":{"rendered":"<p><a href=\"http:\/\/www.politicalivre.com.br\/wp-content\/uploads\/2010\/08\/get2.jpg\"><\/p>\n<p style=\"text-align: center;\"><img loading=\"lazy\" decoding=\"async\" class=\"aligncenter\" title=\"get\" src=\"http:\/\/www.politicalivre.com.br\/wp-content\/uploads\/2010\/08\/get2-300x224.jpg\" border=\"0\" alt=\"\" width=\"300\" height=\"224\" \/><\/p>\n<p>Wagner fez comicio em Salvador com Lula e Dilma<\/p>\n<p><\/a><\/p>\n<p>O  governador da Bahia, Jaques Wagner (PT), candidato \u00e0 reelei\u00e7\u00e3o, mant\u00e9m a  vantagem na disputa pelo governo do Estado e, se as elei\u00e7\u00f5es fossem  hoje, seria eleito no primeiro turno. Segundo pesquisa Datafolha feita  nos dias 23 e 24, Wagner oscilou positivamente dois pontos percentuais e  alcan\u00e7ou 47% das inten\u00e7\u00f5es de voto ao governo baiano. Seu principal  advers\u00e1rio, o ex-governador Paulo Souto (DEM), manteve o patamar da  pesquisa anterior, feita antes do in\u00edcio do hor\u00e1rio eleitoral na TV:  23%. O ex-ministro Geddel Vieira Lima (PMDB) oscilou um ponto para cima e  agora tem 11%.\u00a0A margem de erro da pesquisa \u00e9 de tr\u00eas pontos  percentuais, para mais ou para menos. Bassuma (PV), Sandro Santa B\u00e1rbara  (PCB) e Professor Carlos (PSTU) t\u00eam 1% cada. Marcos Mendes (PSOL) foi  citado, mas n\u00e3o alcan\u00e7ou 1% das inten\u00e7\u00f5es de voto. Brancos e nulos somam  5%, e 12% dos entrevistados declaram n\u00e3o saber em quem votar. Foram  ouvidos 1.088 eleitores baianos entre os dias 23 e 24 de agosto em 42  cidades do estado da Bahia. Contratada pela Folha, a pesquisa est\u00e1  registrada no TSE (Tribunal Superior Eleitoral) com o n\u00famero  25.403\/2010. (Folha)<\/p>\n","protected":false},"excerpt":{"rendered":"<p>Wagner fez comicio em Salvador com Lula e Dilma O governador da Bahia, Jaques Wagner (PT), candidato \u00e0 reelei\u00e7\u00e3o, mant\u00e9m a vantagem na disputa pelo governo do Estado e, se as elei\u00e7\u00f5es fossem hoje, seria eleito no primeiro turno. Segundo pesquisa Datafolha feita nos dias 23 e 24, Wagner oscilou positivamente dois pontos percentuais e [&hellip;]<\/p>\n","protected":false},"author":1,"featured_media":0,"comment_status":"open","ping_status":"open","sticky":false,"template":"","format":"standard","meta":{"footnotes":"","_links_to":"","_links_to_target":""},"categories":[1],"tags":[],"class_list":["post-253","post","type-post","status-publish","format-standard","hentry","category-geral"],"views":1427,"_links":{"self":[{"href":"https:\/\/www.sudoestehoje.com.br\/novoportal\/wp-json\/wp\/v2\/posts\/253","targetHints":{"allow":["GET"]}}],"collection":[{"href":"https:\/\/www.sudoestehoje.com.br\/novoportal\/wp-json\/wp\/v2\/posts"}],"about":[{"href":"https:\/\/www.sudoestehoje.com.br\/novoportal\/wp-json\/wp\/v2\/types\/post"}],"author":[{"embeddable":true,"href":"https:\/\/www.sudoestehoje.com.br\/novoportal\/wp-json\/wp\/v2\/users\/1"}],"replies":[{"embeddable":true,"href":"https:\/\/www.sudoestehoje.com.br\/novoportal\/wp-json\/wp\/v2\/comments?post=253"}],"version-history":[{"count":1,"href":"https:\/\/www.sudoestehoje.com.br\/novoportal\/wp-json\/wp\/v2\/posts\/253\/revisions"}],"predecessor-version":[{"id":254,"href":"https:\/\/www.sudoestehoje.com.br\/novoportal\/wp-json\/wp\/v2\/posts\/253\/revisions\/254"}],"wp:attachment":[{"href":"https:\/\/www.sudoestehoje.com.br\/novoportal\/wp-json\/wp\/v2\/media?parent=253"}],"wp:term":[{"taxonomy":"category","embeddable":true,"href":"https:\/\/www.sudoestehoje.com.br\/novoportal\/wp-json\/wp\/v2\/categories?post=253"},{"taxonomy":"post_tag","embeddable":true,"href":"https:\/\/www.sudoestehoje.com.br\/novoportal\/wp-json\/wp\/v2\/tags?post=253"}],"curies":[{"name":"wp","href":"https:\/\/api.w.org\/{rel}","templated":true}]}}