
{"id":25298,"date":"2013-03-24T00:30:04","date_gmt":"2013-03-24T03:30:04","guid":{"rendered":"http:\/\/www.sudoestehoje.com.br\/novoportal\/?p=25298"},"modified":"2013-03-23T21:25:30","modified_gmt":"2013-03-24T00:25:30","slug":"boca-de-lobo-perigosa","status":"publish","type":"post","link":"https:\/\/www.sudoestehoje.com.br\/novoportal\/2013\/03\/24\/boca-de-lobo-perigosa\/","title":{"rendered":"BOCA-DE-LOBO PERIGOSA"},"content":{"rendered":"<div id=\"attachment_25299\" style=\"width: 510px\" class=\"wp-caption aligncenter\"><a href=\"http:\/\/www.sudoestehoje.com.br\/novoportal\/wp-content\/uploads\/2013\/03\/104_8314.jpg\"><img loading=\"lazy\" decoding=\"async\" aria-describedby=\"caption-attachment-25299\" class=\"size-medium wp-image-25299\" alt=\"Esta boca-de-lobo em uma travessa entre a Central II de Abastecimento e a rua Humberto de Campos est\u00e1 entupida e sem a grade de ferro, desde novembro de 2012, quando foi 'levada' por algu\u00e9m e vendida para um ferro velho. A via \u00e9 muito movimentada e o burac\u00e3o se transformou em uma verdadeira armadilha para pedestres, motoristas e principalmente para motociclistas. Um conhecido vereador da situa\u00e7\u00e3o j\u00e1 esteve por l\u00e1, olhou, prometeu resolver e tomou Doril. Quem \u00e9 o 'irrespons\u00e1vel' por essa \u00e1rea na prefeitura?  \" src=\"http:\/\/www.sudoestehoje.com.br\/novoportal\/wp-content\/uploads\/2013\/03\/104_8314-500x333.jpg\" width=\"500\" height=\"333\" srcset=\"https:\/\/www.sudoestehoje.com.br\/novoportal\/wp-content\/uploads\/2013\/03\/104_8314-500x333.jpg 500w, https:\/\/www.sudoestehoje.com.br\/novoportal\/wp-content\/uploads\/2013\/03\/104_8314-700x466.jpg 700w, https:\/\/www.sudoestehoje.com.br\/novoportal\/wp-content\/uploads\/2013\/03\/104_8314.jpg 1800w\" sizes=\"auto, (max-width: 500px) 100vw, 500px\" \/><\/a><p id=\"caption-attachment-25299\" class=\"wp-caption-text\">Esta boca-de-lobo em uma travessa entre a Central II de Abastecimento e a rua Humberto de Campos est\u00e1 entupida e sem a grade de ferro, desde novembro de 2012, quando foi &#8216;levada&#8217; por algu\u00e9m e vendida para um ferro velho. A via \u00e9 muito movimentada e o burac\u00e3o se transformou em uma verdadeira armadilha para pedestres, motoristas e principalmente para motociclistas. Um conhecido vereador da situa\u00e7\u00e3o j\u00e1 esteve por l\u00e1, olhou, prometeu resolver e tomou Doril. Quem \u00e9 o &#8216;irrespons\u00e1vel&#8217; por essa \u00e1rea na prefeitura?<\/p><\/div>\n","protected":false},"excerpt":{"rendered":"","protected":false},"author":2,"featured_media":0,"comment_status":"open","ping_status":"open","sticky":false,"template":"","format":"standard","meta":{"footnotes":"","_links_to":"","_links_to_target":""},"categories":[1],"tags":[],"class_list":["post-25298","post","type-post","status-publish","format-standard","hentry","category-geral"],"views":1421,"_links":{"self":[{"href":"https:\/\/www.sudoestehoje.com.br\/novoportal\/wp-json\/wp\/v2\/posts\/25298","targetHints":{"allow":["GET"]}}],"collection":[{"href":"https:\/\/www.sudoestehoje.com.br\/novoportal\/wp-json\/wp\/v2\/posts"}],"about":[{"href":"https:\/\/www.sudoestehoje.com.br\/novoportal\/wp-json\/wp\/v2\/types\/post"}],"author":[{"embeddable":true,"href":"https:\/\/www.sudoestehoje.com.br\/novoportal\/wp-json\/wp\/v2\/users\/2"}],"replies":[{"embeddable":true,"href":"https:\/\/www.sudoestehoje.com.br\/novoportal\/wp-json\/wp\/v2\/comments?post=25298"}],"version-history":[{"count":1,"href":"https:\/\/www.sudoestehoje.com.br\/novoportal\/wp-json\/wp\/v2\/posts\/25298\/revisions"}],"predecessor-version":[{"id":25300,"href":"https:\/\/www.sudoestehoje.com.br\/novoportal\/wp-json\/wp\/v2\/posts\/25298\/revisions\/25300"}],"wp:attachment":[{"href":"https:\/\/www.sudoestehoje.com.br\/novoportal\/wp-json\/wp\/v2\/media?parent=25298"}],"wp:term":[{"taxonomy":"category","embeddable":true,"href":"https:\/\/www.sudoestehoje.com.br\/novoportal\/wp-json\/wp\/v2\/categories?post=25298"},{"taxonomy":"post_tag","embeddable":true,"href":"https:\/\/www.sudoestehoje.com.br\/novoportal\/wp-json\/wp\/v2\/tags?post=25298"}],"curies":[{"name":"wp","href":"https:\/\/api.w.org\/{rel}","templated":true}]}}