
{"id":25286,"date":"2013-03-23T19:04:27","date_gmt":"2013-03-23T22:04:27","guid":{"rendered":"http:\/\/www.sudoestehoje.com.br\/novoportal\/?p=25286"},"modified":"2013-03-23T19:05:15","modified_gmt":"2013-03-23T22:05:15","slug":"itororo-secretaria-de-saude-faz-mutirao-de-combate-a-dengue","status":"publish","type":"post","link":"https:\/\/www.sudoestehoje.com.br\/novoportal\/2013\/03\/23\/itororo-secretaria-de-saude-faz-mutirao-de-combate-a-dengue\/","title":{"rendered":"ITOROR\u00d3: SECRETARIA DE SA\u00daDE FAZ MUTIR\u00c3O DE COMBATE \u00c0 DENGUE"},"content":{"rendered":"<p><img decoding=\"async\" class=\"aligncenter\" alt=\"\" src=\"http:\/\/2.bp.blogspot.com\/-OrzP2P2ZNsU\/UUxzruZnYSI\/AAAAAAAAAks\/VqAVaAXCvX4\/s400\/209020_364957693619523_287472267_n.jpg\" \/><\/p>\n<p>&nbsp;<\/p>\n<p>Em uma grande a\u00e7\u00e3o preventiva contra o mosquito da dengue, funcion\u00e1rios de secretarias e agentes\u00a0comunit\u00e1rios\u00a0 percorreram v\u00e1rias ruas de rio do meio, realizando\u00a0a\u00e7\u00f5es\u00a0b\u00e1sicas\u00a0de preven\u00e7\u00e3o do foco, orientando e alertando os moradores para o grande risco que a dengue representa.<\/p>\n<p>A Secretaria de\u00a0sa\u00fade\u00a0de Itoror\u00f3\u00a0atrav\u00e9s\u00a0de seu secretario Marcelo Andrade pede a toda a popula\u00e7\u00e3o que entre na &#8220;guerra&#8221; contra a dengue e a \u00a0a\u00e7\u00e3o mais simples para<strong>\u00a0<\/strong>preven\u00e7\u00e3o da dengue\u00a0\u00e9 evitar o nascimento do mosquito, j\u00e1 que n\u00e3o existem vacinas ou medicamentos que combatam a contamina\u00e7\u00e3o. Para isso, \u00e9 preciso eliminar os lugares que eles escolhem para a reprodu\u00e7\u00e3o.<\/p>\n<div>A regra b\u00e1sica \u00e9 n\u00e3o deixar a \u00e1gua, principalmente limpa, parada em qualquer tipo de recipiente.\u00a0Como a prolifera\u00e7\u00e3o do\u00a0mosquito da dengue\u00a0\u00e9 r\u00e1pida, al\u00e9m das iniciativas governamentais, \u00e9 important\u00edssimo que a popula\u00e7\u00e3o tamb\u00e9m colabore para interromper o ciclo de transmiss\u00e3o e contamina\u00e7\u00e3o. Para se ter uma ideia, em 45 dias de vida, um \u00fanico mosquito pode contaminar at\u00e9 300 pessoas.<\/div>\n<p><strong><em>Itoror\u00f3 News<\/em><\/strong><\/p>\n","protected":false},"excerpt":{"rendered":"<p>&nbsp; Em uma grande a\u00e7\u00e3o preventiva contra o mosquito da dengue, funcion\u00e1rios de secretarias e agentes\u00a0comunit\u00e1rios\u00a0 percorreram v\u00e1rias ruas de rio do meio, realizando\u00a0a\u00e7\u00f5es\u00a0b\u00e1sicas\u00a0de preven\u00e7\u00e3o do foco, orientando e alertando os moradores para o grande risco que a dengue representa. A Secretaria de\u00a0sa\u00fade\u00a0de Itoror\u00f3\u00a0atrav\u00e9s\u00a0de seu secretario Marcelo Andrade pede a toda a popula\u00e7\u00e3o que entre [&hellip;]<\/p>\n","protected":false},"author":2,"featured_media":0,"comment_status":"open","ping_status":"open","sticky":false,"template":"","format":"standard","meta":{"footnotes":"","_links_to":"","_links_to_target":""},"categories":[1],"tags":[],"class_list":["post-25286","post","type-post","status-publish","format-standard","hentry","category-geral"],"views":1311,"_links":{"self":[{"href":"https:\/\/www.sudoestehoje.com.br\/novoportal\/wp-json\/wp\/v2\/posts\/25286","targetHints":{"allow":["GET"]}}],"collection":[{"href":"https:\/\/www.sudoestehoje.com.br\/novoportal\/wp-json\/wp\/v2\/posts"}],"about":[{"href":"https:\/\/www.sudoestehoje.com.br\/novoportal\/wp-json\/wp\/v2\/types\/post"}],"author":[{"embeddable":true,"href":"https:\/\/www.sudoestehoje.com.br\/novoportal\/wp-json\/wp\/v2\/users\/2"}],"replies":[{"embeddable":true,"href":"https:\/\/www.sudoestehoje.com.br\/novoportal\/wp-json\/wp\/v2\/comments?post=25286"}],"version-history":[{"count":3,"href":"https:\/\/www.sudoestehoje.com.br\/novoportal\/wp-json\/wp\/v2\/posts\/25286\/revisions"}],"predecessor-version":[{"id":25289,"href":"https:\/\/www.sudoestehoje.com.br\/novoportal\/wp-json\/wp\/v2\/posts\/25286\/revisions\/25289"}],"wp:attachment":[{"href":"https:\/\/www.sudoestehoje.com.br\/novoportal\/wp-json\/wp\/v2\/media?parent=25286"}],"wp:term":[{"taxonomy":"category","embeddable":true,"href":"https:\/\/www.sudoestehoje.com.br\/novoportal\/wp-json\/wp\/v2\/categories?post=25286"},{"taxonomy":"post_tag","embeddable":true,"href":"https:\/\/www.sudoestehoje.com.br\/novoportal\/wp-json\/wp\/v2\/tags?post=25286"}],"curies":[{"name":"wp","href":"https:\/\/api.w.org\/{rel}","templated":true}]}}