
{"id":25279,"date":"2013-03-24T00:35:18","date_gmt":"2013-03-24T03:35:18","guid":{"rendered":"http:\/\/www.sudoestehoje.com.br\/novoportal\/?p=25279"},"modified":"2013-03-23T17:58:05","modified_gmt":"2013-03-23T20:58:05","slug":"semana-de-agonia","status":"publish","type":"post","link":"https:\/\/www.sudoestehoje.com.br\/novoportal\/2013\/03\/24\/semana-de-agonia\/","title":{"rendered":"SEMANA DE AGONIA"},"content":{"rendered":"<p style=\"text-align: center;\"><img decoding=\"async\" class=\"aligncenter\" alt=\"\" src=\"http:\/\/www.pmvc.ba.gov.br\/arquivos\/images\/justica_federal%20(15).JPG\" width=\"400\" \/><\/p>\n<p style=\"text-align: center;\"><em>Justi\u00e7a Federal virou &#8216;caminho da ro\u00e7a&#8217; para Z\u00e9 Carlos e Al\u00e9cio<\/em><\/p>\n<p>&nbsp;<\/p>\n<p>ITAPETINGA: Esta, foi mais uma semana de agonia e corre-corre para o prefeito Z\u00e9 Carlos, seu vice Al\u00e9cio e os advogados da prefeitura, que tiveram que subir a serra do Mar\u00e7al para resolver pendengas de todas as esp\u00e9cies na Justi\u00e7a Federal.<\/p>\n<p>Segundo fonte ligada ao governo, h\u00e1 uma preocupa\u00e7\u00e3o muito grande em rela\u00e7\u00e3o a alguns processos movidos pelo Minist\u00e9rio P\u00fablico Federal, que est\u00e1 &#8216;escrafunchando&#8217; certos pagamentos suspeitos realizados pelas secretarias municipais de Educa\u00e7\u00e3o e Sa\u00fade. Coisa de arrepiar o cabelo, segundo dizem.<\/p>\n<p>A esse respeito, surgiu tamb\u00e9m uma informa\u00e7\u00e3o de que a Procuradoria da Rep\u00fablica solicitou \u00e0 rede banc\u00e1ria em Itapetinga, c\u00f3pias de uma enorme quantidade de cheques emitidos pelas secretarias de Educa\u00e7\u00e3o e de Sa\u00fade, para instruir inqu\u00e9rito instaurado no MPF em Vit\u00f3ria da Conquista.<\/p>\n<p>Coisa boa n\u00e3o,pode ser&#8230;<\/p>\n<p><strong><em>Por Davi Ferraz \u00a0\u00a0<\/em><\/strong><\/p>\n","protected":false},"excerpt":{"rendered":"<p>Justi\u00e7a Federal virou &#8216;caminho da ro\u00e7a&#8217; para Z\u00e9 Carlos e Al\u00e9cio &nbsp; ITAPETINGA: Esta, foi mais uma semana de agonia e corre-corre para o prefeito Z\u00e9 Carlos, seu vice Al\u00e9cio e os advogados da prefeitura, que tiveram que subir a serra do Mar\u00e7al para resolver pendengas de todas as esp\u00e9cies na Justi\u00e7a Federal. Segundo fonte [&hellip;]<\/p>\n","protected":false},"author":2,"featured_media":0,"comment_status":"open","ping_status":"open","sticky":false,"template":"","format":"standard","meta":{"footnotes":"","_links_to":"","_links_to_target":""},"categories":[1],"tags":[],"class_list":["post-25279","post","type-post","status-publish","format-standard","hentry","category-geral"],"views":1254,"_links":{"self":[{"href":"https:\/\/www.sudoestehoje.com.br\/novoportal\/wp-json\/wp\/v2\/posts\/25279","targetHints":{"allow":["GET"]}}],"collection":[{"href":"https:\/\/www.sudoestehoje.com.br\/novoportal\/wp-json\/wp\/v2\/posts"}],"about":[{"href":"https:\/\/www.sudoestehoje.com.br\/novoportal\/wp-json\/wp\/v2\/types\/post"}],"author":[{"embeddable":true,"href":"https:\/\/www.sudoestehoje.com.br\/novoportal\/wp-json\/wp\/v2\/users\/2"}],"replies":[{"embeddable":true,"href":"https:\/\/www.sudoestehoje.com.br\/novoportal\/wp-json\/wp\/v2\/comments?post=25279"}],"version-history":[{"count":2,"href":"https:\/\/www.sudoestehoje.com.br\/novoportal\/wp-json\/wp\/v2\/posts\/25279\/revisions"}],"predecessor-version":[{"id":25281,"href":"https:\/\/www.sudoestehoje.com.br\/novoportal\/wp-json\/wp\/v2\/posts\/25279\/revisions\/25281"}],"wp:attachment":[{"href":"https:\/\/www.sudoestehoje.com.br\/novoportal\/wp-json\/wp\/v2\/media?parent=25279"}],"wp:term":[{"taxonomy":"category","embeddable":true,"href":"https:\/\/www.sudoestehoje.com.br\/novoportal\/wp-json\/wp\/v2\/categories?post=25279"},{"taxonomy":"post_tag","embeddable":true,"href":"https:\/\/www.sudoestehoje.com.br\/novoportal\/wp-json\/wp\/v2\/tags?post=25279"}],"curies":[{"name":"wp","href":"https:\/\/api.w.org\/{rel}","templated":true}]}}