
{"id":25257,"date":"2013-03-23T07:59:06","date_gmt":"2013-03-23T10:59:06","guid":{"rendered":"http:\/\/www.sudoestehoje.com.br\/novoportal\/?p=25257"},"modified":"2013-03-23T13:21:56","modified_gmt":"2013-03-23T16:21:56","slug":"deputado-sandro-regis-se-reune-com-base-de-apoio-em-itapetinga","status":"publish","type":"post","link":"https:\/\/www.sudoestehoje.com.br\/novoportal\/2013\/03\/23\/deputado-sandro-regis-se-reune-com-base-de-apoio-em-itapetinga\/","title":{"rendered":"DEPUTADO SANDRO R\u00c9GIS SE RE\u00daNE COM BASE DE APOIO EM ITAPETINGA"},"content":{"rendered":"<p><a href=\"http:\/\/www.sudoestehoje.com.br\/novoportal\/wp-content\/uploads\/2013\/03\/GEDC0248.jpg\"><img loading=\"lazy\" decoding=\"async\" class=\"aligncenter size-medium wp-image-25259\" alt=\"GEDSC DIGITAL CAMERA\" src=\"http:\/\/www.sudoestehoje.com.br\/novoportal\/wp-content\/uploads\/2013\/03\/GEDC0248-500x281.jpg\" width=\"500\" height=\"281\" srcset=\"https:\/\/www.sudoestehoje.com.br\/novoportal\/wp-content\/uploads\/2013\/03\/GEDC0248-500x281.jpg 500w, https:\/\/www.sudoestehoje.com.br\/novoportal\/wp-content\/uploads\/2013\/03\/GEDC0248-700x393.jpg 700w, https:\/\/www.sudoestehoje.com.br\/novoportal\/wp-content\/uploads\/2013\/03\/GEDC0248.jpg 1920w\" sizes=\"auto, (max-width: 500px) 100vw, 500px\" \/><\/a><\/p>\n<p>&nbsp;<\/p>\n<p><strong><em>Por Davi Ferraz<\/em><\/strong><\/p>\n<p>ITAPETINGA: O deputado estadual Sandro R\u00e9gis (PR) se reuniu, na noite desta sexta-feira, com os grupos e partidos que formam a sua base de apoio em Itapetinga e regi\u00e3o. O local escolhido para o encontro foi o restaurante Mirante, e contou com a presen\u00e7a de um grande n\u00famero de lideran\u00e7as pol\u00edticas e simpatizantes do deputado.<\/p>\n<p>Dentre os presentes, destacaram-se o presidente do Democratas, Geraldo Trindade, Dr. Arnaldo Teixeira, presidente do PR, os vereadores Naara Duarte e Fabiano Bahia, do DEM, o ex vice-prefeito Edilson Lima, Jos\u00e9 Elias Ribeiro, Zildo Carvalho, dentre outros, que ouviram atentamente as palavras do deputado e debateram com ele os principais temas que dominam a pol\u00edtica local e estadual.<\/p>\n<p><a href=\"http:\/\/www.sudoestehoje.com.br\/novoportal\/wp-content\/uploads\/2013\/03\/GEDC0256.jpg\"><img loading=\"lazy\" decoding=\"async\" class=\"aligncenter size-medium wp-image-25260\" alt=\"GEDSC DIGITAL CAMERA\" src=\"http:\/\/www.sudoestehoje.com.br\/novoportal\/wp-content\/uploads\/2013\/03\/GEDC0256-500x281.jpg\" width=\"500\" height=\"281\" srcset=\"https:\/\/www.sudoestehoje.com.br\/novoportal\/wp-content\/uploads\/2013\/03\/GEDC0256-500x281.jpg 500w, https:\/\/www.sudoestehoje.com.br\/novoportal\/wp-content\/uploads\/2013\/03\/GEDC0256-700x393.jpg 700w, https:\/\/www.sudoestehoje.com.br\/novoportal\/wp-content\/uploads\/2013\/03\/GEDC0256.jpg 1920w\" sizes=\"auto, (max-width: 500px) 100vw, 500px\" \/><\/a><\/p>\n<p>Sandro fez uma breve explana\u00e7\u00e3o do seu trabalho na Assembl\u00e9ia Legislativa e destacou que est\u00e1 sempre atento \u00e0s demandas da regi\u00e3o, principalmente no que diz respeito \u00e0 crise gerada pelas demiss\u00f5es na Azal\u00e9ia, cuja resolu\u00e7\u00e3o, no seu entendimento, passa por decis\u00e3o do Governo do Estado, mas que este n\u00e3o tem demonstrado o devido interesse e desempenho em resolver.<\/p>\n<p>O deputado mostrou-se otimista quanto ao futuro do das oposi\u00e7\u00f5es na Bahia, caso o prefeito de Salvador, ACM Neto venha a se candidatar a governador, em 2014, possibilidade que n\u00e3o \u00e9 descartada. Segundo ele, ACM Neto lidera todas as pesquisas at\u00e9 aqui realizadas, com grande margem de diferen\u00e7a em rela\u00e7\u00e3o aos prov\u00e1veis candidatos do PT.<\/p>\n<p><a href=\"http:\/\/www.sudoestehoje.com.br\/novoportal\/wp-content\/uploads\/2013\/03\/GEDC0254.jpg\"><img loading=\"lazy\" decoding=\"async\" class=\"aligncenter size-medium wp-image-25261\" alt=\"GEDSC DIGITAL CAMERA\" src=\"http:\/\/www.sudoestehoje.com.br\/novoportal\/wp-content\/uploads\/2013\/03\/GEDC0254-500x281.jpg\" width=\"500\" height=\"281\" srcset=\"https:\/\/www.sudoestehoje.com.br\/novoportal\/wp-content\/uploads\/2013\/03\/GEDC0254-500x281.jpg 500w, https:\/\/www.sudoestehoje.com.br\/novoportal\/wp-content\/uploads\/2013\/03\/GEDC0254-700x393.jpg 700w, https:\/\/www.sudoestehoje.com.br\/novoportal\/wp-content\/uploads\/2013\/03\/GEDC0254.jpg 1920w\" sizes=\"auto, (max-width: 500px) 100vw, 500px\" \/><\/a><\/p>\n<p>Sandro R\u00e9gis ouviu pacientemente algumas cr\u00edticas dos seus aliados e garantiu que estar\u00e1 sempre presente em Itapetinga e que seu gabinete na Assembl\u00e9ia sempre esteve aberto para receber e ajudar os eleitores e lideran\u00e7as do interior que o procuram.<\/p>\n<p>Cogita-se, nos meios pol\u00edticos baianos, que o deputado poder\u00e1 se desfiliar do PR, e o seu caminho natural, pela liga\u00e7\u00e3o com que mant\u00e9m com o ex-governador Paulo Souto, seria filiar-se ao Democratas.<\/p>\n<p>CONFIRA AS FOTOS DO ENCONTRO:<!--more--><\/p>\n<p><a href=\"http:\/\/www.sudoestehoje.com.br\/novoportal\/wp-content\/uploads\/2013\/03\/GEDC0252.jpg\"><img loading=\"lazy\" decoding=\"async\" class=\"aligncenter size-medium wp-image-25262\" alt=\"GEDSC DIGITAL CAMERA\" src=\"http:\/\/www.sudoestehoje.com.br\/novoportal\/wp-content\/uploads\/2013\/03\/GEDC0252-500x281.jpg\" width=\"500\" height=\"281\" srcset=\"https:\/\/www.sudoestehoje.com.br\/novoportal\/wp-content\/uploads\/2013\/03\/GEDC0252-500x281.jpg 500w, https:\/\/www.sudoestehoje.com.br\/novoportal\/wp-content\/uploads\/2013\/03\/GEDC0252-700x393.jpg 700w, https:\/\/www.sudoestehoje.com.br\/novoportal\/wp-content\/uploads\/2013\/03\/GEDC0252.jpg 1920w\" sizes=\"auto, (max-width: 500px) 100vw, 500px\" \/><\/a><\/p>\n<p><a href=\"http:\/\/www.sudoestehoje.com.br\/novoportal\/wp-content\/uploads\/2013\/03\/GEDC0245.jpg\"><img loading=\"lazy\" decoding=\"async\" class=\"aligncenter size-medium wp-image-25263\" alt=\"GEDSC DIGITAL CAMERA\" src=\"http:\/\/www.sudoestehoje.com.br\/novoportal\/wp-content\/uploads\/2013\/03\/GEDC0245-500x281.jpg\" width=\"500\" height=\"281\" srcset=\"https:\/\/www.sudoestehoje.com.br\/novoportal\/wp-content\/uploads\/2013\/03\/GEDC0245-500x281.jpg 500w, https:\/\/www.sudoestehoje.com.br\/novoportal\/wp-content\/uploads\/2013\/03\/GEDC0245-700x393.jpg 700w, https:\/\/www.sudoestehoje.com.br\/novoportal\/wp-content\/uploads\/2013\/03\/GEDC0245.jpg 1920w\" sizes=\"auto, (max-width: 500px) 100vw, 500px\" \/><\/a><\/p>\n<p><a href=\"http:\/\/www.sudoestehoje.com.br\/novoportal\/wp-content\/uploads\/2013\/03\/GEDC0240.jpg\"><img loading=\"lazy\" decoding=\"async\" class=\"aligncenter size-medium wp-image-25264\" alt=\"GEDSC DIGITAL CAMERA\" src=\"http:\/\/www.sudoestehoje.com.br\/novoportal\/wp-content\/uploads\/2013\/03\/GEDC0240-500x281.jpg\" width=\"500\" height=\"281\" srcset=\"https:\/\/www.sudoestehoje.com.br\/novoportal\/wp-content\/uploads\/2013\/03\/GEDC0240-500x281.jpg 500w, https:\/\/www.sudoestehoje.com.br\/novoportal\/wp-content\/uploads\/2013\/03\/GEDC0240-700x393.jpg 700w, https:\/\/www.sudoestehoje.com.br\/novoportal\/wp-content\/uploads\/2013\/03\/GEDC0240.jpg 1920w\" sizes=\"auto, (max-width: 500px) 100vw, 500px\" \/><\/a><\/p>\n<p><a href=\"http:\/\/www.sudoestehoje.com.br\/novoportal\/wp-content\/uploads\/2013\/03\/GEDC0246.jpg\"><img loading=\"lazy\" decoding=\"async\" class=\"aligncenter size-medium wp-image-25265\" alt=\"GEDSC DIGITAL CAMERA\" src=\"http:\/\/www.sudoestehoje.com.br\/novoportal\/wp-content\/uploads\/2013\/03\/GEDC0246-500x281.jpg\" width=\"500\" height=\"281\" srcset=\"https:\/\/www.sudoestehoje.com.br\/novoportal\/wp-content\/uploads\/2013\/03\/GEDC0246-500x281.jpg 500w, https:\/\/www.sudoestehoje.com.br\/novoportal\/wp-content\/uploads\/2013\/03\/GEDC0246-700x393.jpg 700w, https:\/\/www.sudoestehoje.com.br\/novoportal\/wp-content\/uploads\/2013\/03\/GEDC0246.jpg 1920w\" sizes=\"auto, (max-width: 500px) 100vw, 500px\" \/><\/a><\/p>\n<p><a href=\"http:\/\/www.sudoestehoje.com.br\/novoportal\/wp-content\/uploads\/2013\/03\/GEDC0237.jpg\"><img loading=\"lazy\" decoding=\"async\" class=\"aligncenter size-medium wp-image-25266\" alt=\"GEDSC DIGITAL CAMERA\" src=\"http:\/\/www.sudoestehoje.com.br\/novoportal\/wp-content\/uploads\/2013\/03\/GEDC0237-500x281.jpg\" width=\"500\" height=\"281\" srcset=\"https:\/\/www.sudoestehoje.com.br\/novoportal\/wp-content\/uploads\/2013\/03\/GEDC0237-500x281.jpg 500w, https:\/\/www.sudoestehoje.com.br\/novoportal\/wp-content\/uploads\/2013\/03\/GEDC0237-700x393.jpg 700w, https:\/\/www.sudoestehoje.com.br\/novoportal\/wp-content\/uploads\/2013\/03\/GEDC0237.jpg 1920w\" sizes=\"auto, (max-width: 500px) 100vw, 500px\" \/><\/a><\/p>\n<p>&nbsp;<\/p>\n<p>&nbsp;<\/p>\n<p>&nbsp;<\/p>\n","protected":false},"excerpt":{"rendered":"<p>&nbsp; Por Davi Ferraz ITAPETINGA: O deputado estadual Sandro R\u00e9gis (PR) se reuniu, na noite desta sexta-feira, com os grupos e partidos que formam a sua base de apoio em Itapetinga e regi\u00e3o. O local escolhido para o encontro foi o restaurante Mirante, e contou com a presen\u00e7a de um grande n\u00famero de lideran\u00e7as pol\u00edticas [&hellip;]<\/p>\n","protected":false},"author":2,"featured_media":0,"comment_status":"open","ping_status":"open","sticky":false,"template":"","format":"standard","meta":{"footnotes":"","_links_to":"","_links_to_target":""},"categories":[1],"tags":[],"class_list":["post-25257","post","type-post","status-publish","format-standard","hentry","category-geral"],"views":1560,"_links":{"self":[{"href":"https:\/\/www.sudoestehoje.com.br\/novoportal\/wp-json\/wp\/v2\/posts\/25257","targetHints":{"allow":["GET"]}}],"collection":[{"href":"https:\/\/www.sudoestehoje.com.br\/novoportal\/wp-json\/wp\/v2\/posts"}],"about":[{"href":"https:\/\/www.sudoestehoje.com.br\/novoportal\/wp-json\/wp\/v2\/types\/post"}],"author":[{"embeddable":true,"href":"https:\/\/www.sudoestehoje.com.br\/novoportal\/wp-json\/wp\/v2\/users\/2"}],"replies":[{"embeddable":true,"href":"https:\/\/www.sudoestehoje.com.br\/novoportal\/wp-json\/wp\/v2\/comments?post=25257"}],"version-history":[{"count":4,"href":"https:\/\/www.sudoestehoje.com.br\/novoportal\/wp-json\/wp\/v2\/posts\/25257\/revisions"}],"predecessor-version":[{"id":25268,"href":"https:\/\/www.sudoestehoje.com.br\/novoportal\/wp-json\/wp\/v2\/posts\/25257\/revisions\/25268"}],"wp:attachment":[{"href":"https:\/\/www.sudoestehoje.com.br\/novoportal\/wp-json\/wp\/v2\/media?parent=25257"}],"wp:term":[{"taxonomy":"category","embeddable":true,"href":"https:\/\/www.sudoestehoje.com.br\/novoportal\/wp-json\/wp\/v2\/categories?post=25257"},{"taxonomy":"post_tag","embeddable":true,"href":"https:\/\/www.sudoestehoje.com.br\/novoportal\/wp-json\/wp\/v2\/tags?post=25257"}],"curies":[{"name":"wp","href":"https:\/\/api.w.org\/{rel}","templated":true}]}}