
{"id":25213,"date":"2013-03-21T00:42:55","date_gmt":"2013-03-21T03:42:55","guid":{"rendered":"http:\/\/www.sudoestehoje.com.br\/novoportal\/?p=25213"},"modified":"2013-03-21T01:01:12","modified_gmt":"2013-03-21T04:01:12","slug":"wagner-pede-a-azaleia-para-nao-ir-embora-de-itapetinga","status":"publish","type":"post","link":"https:\/\/www.sudoestehoje.com.br\/novoportal\/2013\/03\/21\/wagner-pede-a-azaleia-para-nao-ir-embora-de-itapetinga\/","title":{"rendered":"WAGNER PEDE \u00c0 AZAL\u00c9IA PARA N\u00c3O IR EMBORA DE ITAPETINGA"},"content":{"rendered":"<p style=\"text-align: center;\"><img decoding=\"async\" class=\"aligncenter\" alt=\"Vulcabraz Azaleia\" src=\"http:\/\/www.politicosdosuldabahia.com.br\/v1\/wp-content\/uploads\/2013\/03\/Vulcabraz-Azaleia1.jpg\" width=\"500\" \/><\/p>\n<p style=\"text-align: center;\"><em>Estr\u00e9ia em 2014: &#8220;Os Salvadores do Tesouro Perdido&#8221;, n\u00e3o percam!<\/em><\/p>\n<p>&nbsp;<\/p>\n<p>Confiram esta mat\u00e9ria publicada no blog Pol\u00edticos do Sul da Bahia:<\/p>\n<p><em>&#8220;Com o objetivo de garantir a manuten\u00e7\u00e3o da Azal\u00e9ia na Bahia, o governador Jaques Wagner reuniu-se na manh\u00e3 de hoje (20), com o presidente nacional da Vulcabras\/Azal\u00e9ia, Pedro Grendene e o secret\u00e1rio de Planejamento, S\u00e9rgio Gabrielli. Convidado, o L\u00edder do PT na Assembl\u00e9ia Legislativa, deputado Rosemberg Pinto (PT), representante do territ\u00f3rio de identidade m\u00e9dio sudoeste da Bahia tamb\u00e9m esteve presente na audi\u00eancia.<\/em><\/p>\n<p><em>A Azal\u00e9ia \u00e9 hoje refer\u00eancia no setor cal\u00e7adista com foco em gest\u00e3o de marcas l\u00edderes e uma das dez maiores ind\u00fastrias de cal\u00e7ados e artigos esportivos do mundo. Entretanto, vem atravessando uma crise que culminou com o fechamento de postos de trabalho em munic\u00edpios da regi\u00e3o sudoeste.<\/em><\/p>\n<p><em>O governo do Estado tem trabalhado para manter a Azal\u00e9ia na regi\u00e3o e assim, conservar mais de sete mil empregos. Com a manuten\u00e7\u00e3o da azal\u00e9ia em Itapetinga n\u00e3o haver\u00e1 mais redu\u00e7\u00e3o de trabalhadores e sim, um crescimento que pode ultrapassar os oito mil empregados.<\/em><\/p>\n<p><em>Na ocasi\u00e3o, o secret\u00e1rio de Planejamento apresentou para o governador o trabalho que vem desempenhando no sentido de atrair empresas para substituir a Azal\u00e9ia nos locais onde houve fechamento da unidade.&#8221;<\/em><\/p>\n<p>S\u00f3 para recordar, a Azal\u00e9ia tinha cerca de 22 mil empregados antes da onda de demiss\u00f5es iniciada em 2011. Hoje, restam apenas 7 mil. O governo e os seus deputados oportunistas deveriam ter acordado muito mais cedo e agora tentam tirar proveito pol\u00edtico em cima da desgra\u00e7a da regi\u00e3o, sem terem feito nada \u00a0para salvar a economia das cidades que tiveram as f\u00e1bricas fechadas pela Azal\u00e9ia.<\/p>\n<p>Sob a batuta deste governo, a regi\u00e3o de Itapetinga perdeu 15 mil empregos, em apenas 2 anos.\u00a0Parab\u00e9ns para Wagner, Rosemberg, Geraldo Sim\u00f5es, Gabrielli e Pedro Grendene, dono da Vulcabras!<\/p>\n<p><strong><em>Por Davi Ferraz<\/em><\/strong><\/p>\n","protected":false},"excerpt":{"rendered":"<p>Estr\u00e9ia em 2014: &#8220;Os Salvadores do Tesouro Perdido&#8221;, n\u00e3o percam! &nbsp; Confiram esta mat\u00e9ria publicada no blog Pol\u00edticos do Sul da Bahia: &#8220;Com o objetivo de garantir a manuten\u00e7\u00e3o da Azal\u00e9ia na Bahia, o governador Jaques Wagner reuniu-se na manh\u00e3 de hoje (20), com o presidente nacional da Vulcabras\/Azal\u00e9ia, Pedro Grendene e o secret\u00e1rio de [&hellip;]<\/p>\n","protected":false},"author":2,"featured_media":0,"comment_status":"open","ping_status":"open","sticky":false,"template":"","format":"standard","meta":{"footnotes":"","_links_to":"","_links_to_target":""},"categories":[1],"tags":[],"class_list":["post-25213","post","type-post","status-publish","format-standard","hentry","category-geral"],"views":1411,"_links":{"self":[{"href":"https:\/\/www.sudoestehoje.com.br\/novoportal\/wp-json\/wp\/v2\/posts\/25213","targetHints":{"allow":["GET"]}}],"collection":[{"href":"https:\/\/www.sudoestehoje.com.br\/novoportal\/wp-json\/wp\/v2\/posts"}],"about":[{"href":"https:\/\/www.sudoestehoje.com.br\/novoportal\/wp-json\/wp\/v2\/types\/post"}],"author":[{"embeddable":true,"href":"https:\/\/www.sudoestehoje.com.br\/novoportal\/wp-json\/wp\/v2\/users\/2"}],"replies":[{"embeddable":true,"href":"https:\/\/www.sudoestehoje.com.br\/novoportal\/wp-json\/wp\/v2\/comments?post=25213"}],"version-history":[{"count":7,"href":"https:\/\/www.sudoestehoje.com.br\/novoportal\/wp-json\/wp\/v2\/posts\/25213\/revisions"}],"predecessor-version":[{"id":25220,"href":"https:\/\/www.sudoestehoje.com.br\/novoportal\/wp-json\/wp\/v2\/posts\/25213\/revisions\/25220"}],"wp:attachment":[{"href":"https:\/\/www.sudoestehoje.com.br\/novoportal\/wp-json\/wp\/v2\/media?parent=25213"}],"wp:term":[{"taxonomy":"category","embeddable":true,"href":"https:\/\/www.sudoestehoje.com.br\/novoportal\/wp-json\/wp\/v2\/categories?post=25213"},{"taxonomy":"post_tag","embeddable":true,"href":"https:\/\/www.sudoestehoje.com.br\/novoportal\/wp-json\/wp\/v2\/tags?post=25213"}],"curies":[{"name":"wp","href":"https:\/\/api.w.org\/{rel}","templated":true}]}}