
{"id":25203,"date":"2013-03-20T17:23:13","date_gmt":"2013-03-20T20:23:13","guid":{"rendered":"http:\/\/www.sudoestehoje.com.br\/novoportal\/?p=25203"},"modified":"2013-03-20T18:38:56","modified_gmt":"2013-03-20T21:38:56","slug":"os-urubus-continuam-de-plantao","status":"publish","type":"post","link":"https:\/\/www.sudoestehoje.com.br\/novoportal\/2013\/03\/20\/os-urubus-continuam-de-plantao\/","title":{"rendered":"OS URUBUS CONTINUAM DE PLANT\u00c3O"},"content":{"rendered":"<div id=\"attachment_25204\" style=\"width: 410px\" class=\"wp-caption aligncenter\"><a href=\"http:\/\/www.sudoestehoje.com.br\/novoportal\/wp-content\/uploads\/2013\/03\/Urubu-02.jpg\"><img decoding=\"async\" aria-describedby=\"caption-attachment-25204\" class=\" wp-image-25204 \" alt=\"Como costuma dizer o vice Al\u00e9cio, em suas entrevistas 'furrecas' nos blogs de Conquista, &quot;o problema de Itapetinga s\u00e3o os urubus de plant\u00e3o&quot;. Com tanta sujeira, dentro e fora da prefeitura, os urubus n\u00e3o param de rondar. Desta vez eles resolveral fazer a limpeza em frente \u00e0 casa da diretora da Direc 14, na Concha Ac\u00fastica. Trabalham de gra\u00e7a e ainda levam a culpa de tudo\" src=\"http:\/\/www.sudoestehoje.com.br\/novoportal\/wp-content\/uploads\/2013\/03\/Urubu-02-500x375.jpg\" width=\"400\" srcset=\"https:\/\/www.sudoestehoje.com.br\/novoportal\/wp-content\/uploads\/2013\/03\/Urubu-02-500x375.jpg 500w, https:\/\/www.sudoestehoje.com.br\/novoportal\/wp-content\/uploads\/2013\/03\/Urubu-02-700x525.jpg 700w, https:\/\/www.sudoestehoje.com.br\/novoportal\/wp-content\/uploads\/2013\/03\/Urubu-02.jpg 717w\" sizes=\"(max-width: 500px) 100vw, 500px\" \/><\/a><p id=\"caption-attachment-25204\" class=\"wp-caption-text\">Como costuma dizer o vice Al\u00e9cio, em suas entrevistas furrecas, o problema de Itapetinga s\u00e3o os &#8220;urubus de plant\u00e3o&#8221;. Com tanta sujeira, dentro e fora da prefeitura, os urubus n\u00e3o param de rondar. Desta vez eles resolveram fazer a limpeza em frente \u00e0 casa da diretora da Direc 14, na pra\u00e7a da Concha Ac\u00fastica. Trabalham de gra\u00e7a e ainda levam a culpa de tudo&#8230;<\/p><\/div>\n","protected":false},"excerpt":{"rendered":"","protected":false},"author":2,"featured_media":0,"comment_status":"open","ping_status":"open","sticky":false,"template":"","format":"standard","meta":{"footnotes":"","_links_to":"","_links_to_target":""},"categories":[1],"tags":[],"class_list":["post-25203","post","type-post","status-publish","format-standard","hentry","category-geral"],"views":1682,"_links":{"self":[{"href":"https:\/\/www.sudoestehoje.com.br\/novoportal\/wp-json\/wp\/v2\/posts\/25203","targetHints":{"allow":["GET"]}}],"collection":[{"href":"https:\/\/www.sudoestehoje.com.br\/novoportal\/wp-json\/wp\/v2\/posts"}],"about":[{"href":"https:\/\/www.sudoestehoje.com.br\/novoportal\/wp-json\/wp\/v2\/types\/post"}],"author":[{"embeddable":true,"href":"https:\/\/www.sudoestehoje.com.br\/novoportal\/wp-json\/wp\/v2\/users\/2"}],"replies":[{"embeddable":true,"href":"https:\/\/www.sudoestehoje.com.br\/novoportal\/wp-json\/wp\/v2\/comments?post=25203"}],"version-history":[{"count":5,"href":"https:\/\/www.sudoestehoje.com.br\/novoportal\/wp-json\/wp\/v2\/posts\/25203\/revisions"}],"predecessor-version":[{"id":25207,"href":"https:\/\/www.sudoestehoje.com.br\/novoportal\/wp-json\/wp\/v2\/posts\/25203\/revisions\/25207"}],"wp:attachment":[{"href":"https:\/\/www.sudoestehoje.com.br\/novoportal\/wp-json\/wp\/v2\/media?parent=25203"}],"wp:term":[{"taxonomy":"category","embeddable":true,"href":"https:\/\/www.sudoestehoje.com.br\/novoportal\/wp-json\/wp\/v2\/categories?post=25203"},{"taxonomy":"post_tag","embeddable":true,"href":"https:\/\/www.sudoestehoje.com.br\/novoportal\/wp-json\/wp\/v2\/tags?post=25203"}],"curies":[{"name":"wp","href":"https:\/\/api.w.org\/{rel}","templated":true}]}}