
{"id":25181,"date":"2013-03-19T23:16:28","date_gmt":"2013-03-20T02:16:28","guid":{"rendered":"http:\/\/www.sudoestehoje.com.br\/novoportal\/?p=25181"},"modified":"2013-03-19T23:17:28","modified_gmt":"2013-03-20T02:17:28","slug":"morre-o-amigo-cival-almeida","status":"publish","type":"post","link":"https:\/\/www.sudoestehoje.com.br\/novoportal\/2013\/03\/19\/morre-o-amigo-cival-almeida\/","title":{"rendered":"MORRE, AOS 63 ANOS, CIVAL ALMEIDA"},"content":{"rendered":"<p style=\"text-align: center;\"><img decoding=\"async\" class=\"aligncenter\" alt=\"Foto: Vai com Deus meu tio!\" src=\"http:\/\/sphotos-d.ak.fbcdn.net\/hphotos-ak-prn1\/c0.0.289.289\/p403x403\/544212_391953860912467_1863394371_n.jpg\" width=\"300\" \/><\/p>\n<p>&nbsp;<\/p>\n<p>Faleceu, neste feriado de ter\u00e7a-feira (19), o amigo Cival Almeida Souza, esposo de Maria Arlinda Carvalho, administradora da empresa Decorart. Cival estava internado h\u00e1 15 dias em estado grave na UTI do Hospital Samur de Vit\u00f3ria da Conquista, fazendo tratamento de enfisema pulmonar grave e faleceu por volta das 16h de hoje. O corpo j\u00e1 est\u00e1 sendo velado no Cerimonial Pax e o sepultamento ser\u00e1 no Cemit\u00e9rio do Camacan em hor\u00e1rio a ser definido pela fam\u00edlia.<\/p>\n","protected":false},"excerpt":{"rendered":"<p>&nbsp; Faleceu, neste feriado de ter\u00e7a-feira (19), o amigo Cival Almeida Souza, esposo de Maria Arlinda Carvalho, administradora da empresa Decorart. Cival estava internado h\u00e1 15 dias em estado grave na UTI do Hospital Samur de Vit\u00f3ria da Conquista, fazendo tratamento de enfisema pulmonar grave e faleceu por volta das 16h de hoje. O corpo [&hellip;]<\/p>\n","protected":false},"author":2,"featured_media":0,"comment_status":"open","ping_status":"open","sticky":false,"template":"","format":"standard","meta":{"footnotes":"","_links_to":"","_links_to_target":""},"categories":[1],"tags":[],"class_list":["post-25181","post","type-post","status-publish","format-standard","hentry","category-geral"],"views":1203,"_links":{"self":[{"href":"https:\/\/www.sudoestehoje.com.br\/novoportal\/wp-json\/wp\/v2\/posts\/25181","targetHints":{"allow":["GET"]}}],"collection":[{"href":"https:\/\/www.sudoestehoje.com.br\/novoportal\/wp-json\/wp\/v2\/posts"}],"about":[{"href":"https:\/\/www.sudoestehoje.com.br\/novoportal\/wp-json\/wp\/v2\/types\/post"}],"author":[{"embeddable":true,"href":"https:\/\/www.sudoestehoje.com.br\/novoportal\/wp-json\/wp\/v2\/users\/2"}],"replies":[{"embeddable":true,"href":"https:\/\/www.sudoestehoje.com.br\/novoportal\/wp-json\/wp\/v2\/comments?post=25181"}],"version-history":[{"count":2,"href":"https:\/\/www.sudoestehoje.com.br\/novoportal\/wp-json\/wp\/v2\/posts\/25181\/revisions"}],"predecessor-version":[{"id":25183,"href":"https:\/\/www.sudoestehoje.com.br\/novoportal\/wp-json\/wp\/v2\/posts\/25181\/revisions\/25183"}],"wp:attachment":[{"href":"https:\/\/www.sudoestehoje.com.br\/novoportal\/wp-json\/wp\/v2\/media?parent=25181"}],"wp:term":[{"taxonomy":"category","embeddable":true,"href":"https:\/\/www.sudoestehoje.com.br\/novoportal\/wp-json\/wp\/v2\/categories?post=25181"},{"taxonomy":"post_tag","embeddable":true,"href":"https:\/\/www.sudoestehoje.com.br\/novoportal\/wp-json\/wp\/v2\/tags?post=25181"}],"curies":[{"name":"wp","href":"https:\/\/api.w.org\/{rel}","templated":true}]}}