
{"id":25168,"date":"2013-03-19T18:46:29","date_gmt":"2013-03-19T21:46:29","guid":{"rendered":"http:\/\/www.sudoestehoje.com.br\/novoportal\/?p=25168"},"modified":"2013-03-19T23:36:52","modified_gmt":"2013-03-20T02:36:52","slug":"alecio-diz-em-blog-que-esta-preocupado-com-desemprego-em-itapetinga","status":"publish","type":"post","link":"https:\/\/www.sudoestehoje.com.br\/novoportal\/2013\/03\/19\/alecio-diz-em-blog-que-esta-preocupado-com-desemprego-em-itapetinga\/","title":{"rendered":"AL\u00c9CIO DIZ EM BLOG QUE EST\u00c1 &#8220;PREOCUPADO&#8221; COM DESEMPREGO"},"content":{"rendered":"<p><img decoding=\"async\" class=\"aligncenter\" alt=\"\" src=\"http:\/\/img.blogdoanderson.com\/2013\/03\/DSC_0337-400x268.jpg\" \/><\/p>\n<p style=\"text-align: center;\">\u00a0<em>Al\u00e9cio lidera o ranking do nepotismo na prefeitura de Itapetinga<\/em><\/p>\n<p>&nbsp;<\/p>\n<p><strong><em>Por Davi Ferraz<\/em><\/strong><\/p>\n<p>ITAPETINGA: Taxado e reconhecido como o maior empregador de parentes, aderentes, agregados, amigos e cong\u00eaneres nas reparti\u00e7\u00f5es municipais, o vice-prefeito Al\u00e9cio Chaves deu entrevista no Blog do Anderson, em Vit\u00f3ria da Conquista, dizendo que a sua maior preocupa\u00e7\u00e3o \u00e9 o desemprego que se alastra na cidade. Ao ser perguntado sobre poss\u00edveis mudan\u00e7as no secretariado, Al\u00e9cio negou que haver\u00e1 mudan\u00e7as e disse que tudo n\u00e3o passa de especula\u00e7\u00f5es de &#8220;politiqueiros de plant\u00e3o&#8221;, que ele taxou de &#8220;os famosos urubus&#8221;. Pelo visto, os urubus, de todas as esp\u00e9cies,\u00a0t\u00eam sido mesmo o calo dessa malfadada e desmoralizada administra\u00e7\u00e3o.<\/p>\n<p>Confiram a entrevista de Al\u00e9cio, as suas desculpas esfarrapadas e falta de argumentos diante dos temas pol\u00eamicos abordados pelo blogueiro Anderson:<!--more--><\/p>\n<p>&#8220;O Blog do Anderson conversou com o vice-prefeito de Itapetinga, Al\u00e9cio Silva Chaves (PT), na manh\u00e3 desta ter\u00e7a-feira (19). De acordo com o Al\u00e9cio, a situa\u00e7\u00e3o da cidade \u00e9 cr\u00edtica com o desemprego gerado com o fechamento de f\u00e1bricas da Azaleia.\u00a0<em>\u201cCome\u00e7amos uma nova etapa em continuidade ao governo de Z\u00e9 Carlos e n\u00e3o tem sido f\u00e1cil devido a crise que atingiu v\u00e1rios munic\u00edpios, mas com a firmeza e Z\u00e9 Carlos e as perspectivas com f\u00e9 em Deus n\u00f3s faremos de Itapetinga uma cidade que seja polo na regi\u00e3o, principalmente com essa crise da Azaleia em pouco tempo colocaremos ela no lugar que ela merece\u201d,<\/em>\u00a0comentou. Silva Chaves descartou mudan\u00e7as no governo, alegando que os coment\u00e1rios sobre altera\u00e7\u00f5es nas secretarias de Sa\u00fade e Meio Ambiente n\u00e3o passam de especula\u00e7\u00f5es.\u00a0<em>\u201cDepois do primeiro governo Z\u00e9 Carlos est\u00e1 muito tranquilo enquanto a isso. Se for preciso mudar para que o governo continue bem ele vai fazer isso\u201d,<\/em>\u00a0falou o petista voltando a destacar o desemprego como um dos grandes obst\u00e1culos.<\/p>\n<p><em>\u201cNa sa\u00fade temos toda uma problem\u00e1tica em rela\u00e7\u00e3o a Cristo (Hospital Cristo Redentor) e na secretaria, mas isso tem se discutido e Z\u00e9 Carlos est\u00e1 com toda a tranquilidade e n\u00e3o se fala no momento em mudan\u00e7a de secretariado, principalmente da Sa\u00fade, pois n\u00e3o \u00e9 uma dificuldade apenas na cidade de Itapetinga, mas sim nacional\u201d<\/em>\u00a0justifica.<strong>\u00a0<a href=\"http:\/\/www.blogdoanderson.com\/2013\/01\/17\/itapetinga-urubus-comem-animais-vivos-em-zoologico\/\" target=\"_blank\">Sobre as imagens dos descuidos de animais no Zoo da Matinha<\/a><\/strong>, Al\u00e9cio disse que houve muito exagero.<em>\u00a0\u201cA gente percebe que alguns politiqueiros de plant\u00e3o gostam de pegar as coisas e elevar muito no sentido de atingir o governo. O que n\u00f3s queremos \u00e9 um governo para todos\u201d,<\/em>\u00a0complementa o vice gestor convocando os\u00a0<em>\u201cpolitiqueiros de plant\u00e3o\u201d<\/em>\u00a0a se unirem, tendo em vista que o prefeito do Partido dos Trabalhadores nunca se fechou para a discuss\u00e3o dos assuntos para o fomento da Administra\u00e7\u00e3o Municipal. Quando indagado quem seriam os tais<em>\u00a0\u201cpolitiqueiros de plant\u00e3<\/em>o\u201d, Chaves n\u00e3o mencionou nomes, mas afirma que se tratam de<em>\u201cpessoas que vivem s\u00f3 disso: os famosos urubus\u201d.<\/em><\/p>\n","protected":false},"excerpt":{"rendered":"<p>\u00a0Al\u00e9cio lidera o ranking do nepotismo na prefeitura de Itapetinga &nbsp; Por Davi Ferraz ITAPETINGA: Taxado e reconhecido como o maior empregador de parentes, aderentes, agregados, amigos e cong\u00eaneres nas reparti\u00e7\u00f5es municipais, o vice-prefeito Al\u00e9cio Chaves deu entrevista no Blog do Anderson, em Vit\u00f3ria da Conquista, dizendo que a sua maior preocupa\u00e7\u00e3o \u00e9 o desemprego [&hellip;]<\/p>\n","protected":false},"author":2,"featured_media":0,"comment_status":"open","ping_status":"open","sticky":false,"template":"","format":"standard","meta":{"footnotes":"","_links_to":"","_links_to_target":""},"categories":[1],"tags":[],"class_list":["post-25168","post","type-post","status-publish","format-standard","hentry","category-geral"],"views":1486,"_links":{"self":[{"href":"https:\/\/www.sudoestehoje.com.br\/novoportal\/wp-json\/wp\/v2\/posts\/25168","targetHints":{"allow":["GET"]}}],"collection":[{"href":"https:\/\/www.sudoestehoje.com.br\/novoportal\/wp-json\/wp\/v2\/posts"}],"about":[{"href":"https:\/\/www.sudoestehoje.com.br\/novoportal\/wp-json\/wp\/v2\/types\/post"}],"author":[{"embeddable":true,"href":"https:\/\/www.sudoestehoje.com.br\/novoportal\/wp-json\/wp\/v2\/users\/2"}],"replies":[{"embeddable":true,"href":"https:\/\/www.sudoestehoje.com.br\/novoportal\/wp-json\/wp\/v2\/comments?post=25168"}],"version-history":[{"count":9,"href":"https:\/\/www.sudoestehoje.com.br\/novoportal\/wp-json\/wp\/v2\/posts\/25168\/revisions"}],"predecessor-version":[{"id":25174,"href":"https:\/\/www.sudoestehoje.com.br\/novoportal\/wp-json\/wp\/v2\/posts\/25168\/revisions\/25174"}],"wp:attachment":[{"href":"https:\/\/www.sudoestehoje.com.br\/novoportal\/wp-json\/wp\/v2\/media?parent=25168"}],"wp:term":[{"taxonomy":"category","embeddable":true,"href":"https:\/\/www.sudoestehoje.com.br\/novoportal\/wp-json\/wp\/v2\/categories?post=25168"},{"taxonomy":"post_tag","embeddable":true,"href":"https:\/\/www.sudoestehoje.com.br\/novoportal\/wp-json\/wp\/v2\/tags?post=25168"}],"curies":[{"name":"wp","href":"https:\/\/api.w.org\/{rel}","templated":true}]}}