
{"id":25140,"date":"2013-03-19T00:01:42","date_gmt":"2013-03-19T03:01:42","guid":{"rendered":"http:\/\/www.sudoestehoje.com.br\/novoportal\/?p=25140"},"modified":"2013-03-18T22:39:14","modified_gmt":"2013-03-19T01:39:14","slug":"a-fe-nordestina-em-sao-jose","status":"publish","type":"post","link":"https:\/\/www.sudoestehoje.com.br\/novoportal\/2013\/03\/19\/a-fe-nordestina-em-sao-jose\/","title":{"rendered":"A F\u00c9 NORDESTINA EM S\u00c3O JOS\u00c9"},"content":{"rendered":"<p><iframe loading=\"lazy\" title=\"PROCISS\u00c3O (letra e v\u00eddeo) com GILBERTO GIL, v\u00eddeo MOACIR SILVEIRA\" width=\"500\" height=\"375\" src=\"https:\/\/www.youtube.com\/embed\/NplX__giPXM?feature=oembed\" frameborder=\"0\" allow=\"accelerometer; autoplay; clipboard-write; encrypted-media; gyroscope; picture-in-picture; web-share\" referrerpolicy=\"strict-origin-when-cross-origin\" allowfullscreen><\/iframe><\/p>\n<p>Uma das m\u00fasicas de maior sucesso do per\u00edodo anterior \u00e0\u00a0<em>Tropic\u00e1lia<\/em>\u00a0de Gilberto Gil, \u201cProciss\u00e3o\u201d-1964<sup><a href=\"http:\/\/www.rbec.ect.ufrn.br\/index.php\/A_Po%C3%A9tica_de_Gilberto_Gil_e_a_Religiosidade#sdfootnote3sym\" name=\"sdfootnote3anc\"><\/a><\/sup>, trazia uma determinada carga ideol\u00f3gica alinhada a uma interpreta\u00e7\u00e3o marxista da religi\u00e3o, que estava direcionada ao abandono do homem do campo que residia no sert\u00e3o nordestino e ao descaso do governo para com as causas sociais, e, por conseguinte, para com uma das camadas mais simples e esquecidas, residentes em uma \u00e1rea das mais carentes do Pa\u00eds.<\/p>\n<p>Atrav\u00e9s da m\u00fasica \u201cProciss\u00e3o\u201d, inicia-se a consolida\u00e7\u00e3o da cria\u00e7\u00e3o art\u00edstica a ser desenvolvida por Gil, que, a partir de ent\u00e3o, apresenta em suas composi\u00e7\u00f5es uma elevada consist\u00eancia po\u00e9tica. A seguir, transcreve-se a letra dessa m\u00fasica que marcou esse importante per\u00edodo e que acabou por contribuir para o aperfei\u00e7oamento da produ\u00e7\u00e3o cultural gilbertiana:<\/p>\n<p>Essa obra po\u00e9tica de Gilberto Gil n\u00e3o somente se tornou um marco no conjunto de sua obra, mas, tamb\u00e9m, nos permite mostrar a rela\u00e7\u00e3o estreita existente entre a literatura e a religiosidade, que perdura at\u00e9 os dias atuais no Nordeste brasileiro.<\/p>\n<p><strong><em>Davi Ferraz<\/em><\/strong><\/p>\n<p align=\"LEFT\">\n","protected":false},"excerpt":{"rendered":"<p>Uma das m\u00fasicas de maior sucesso do per\u00edodo anterior \u00e0\u00a0Tropic\u00e1lia\u00a0de Gilberto Gil, \u201cProciss\u00e3o\u201d-1964, trazia uma determinada carga ideol\u00f3gica alinhada a uma interpreta\u00e7\u00e3o marxista da religi\u00e3o, que estava direcionada ao abandono do homem do campo que residia no sert\u00e3o nordestino e ao descaso do governo para com as causas sociais, e, por conseguinte, para com uma [&hellip;]<\/p>\n","protected":false},"author":2,"featured_media":0,"comment_status":"open","ping_status":"open","sticky":false,"template":"","format":"standard","meta":{"footnotes":"","_links_to":"","_links_to_target":""},"categories":[1],"tags":[],"class_list":["post-25140","post","type-post","status-publish","format-standard","hentry","category-geral"],"views":1613,"_links":{"self":[{"href":"https:\/\/www.sudoestehoje.com.br\/novoportal\/wp-json\/wp\/v2\/posts\/25140","targetHints":{"allow":["GET"]}}],"collection":[{"href":"https:\/\/www.sudoestehoje.com.br\/novoportal\/wp-json\/wp\/v2\/posts"}],"about":[{"href":"https:\/\/www.sudoestehoje.com.br\/novoportal\/wp-json\/wp\/v2\/types\/post"}],"author":[{"embeddable":true,"href":"https:\/\/www.sudoestehoje.com.br\/novoportal\/wp-json\/wp\/v2\/users\/2"}],"replies":[{"embeddable":true,"href":"https:\/\/www.sudoestehoje.com.br\/novoportal\/wp-json\/wp\/v2\/comments?post=25140"}],"version-history":[{"count":9,"href":"https:\/\/www.sudoestehoje.com.br\/novoportal\/wp-json\/wp\/v2\/posts\/25140\/revisions"}],"predecessor-version":[{"id":25149,"href":"https:\/\/www.sudoestehoje.com.br\/novoportal\/wp-json\/wp\/v2\/posts\/25140\/revisions\/25149"}],"wp:attachment":[{"href":"https:\/\/www.sudoestehoje.com.br\/novoportal\/wp-json\/wp\/v2\/media?parent=25140"}],"wp:term":[{"taxonomy":"category","embeddable":true,"href":"https:\/\/www.sudoestehoje.com.br\/novoportal\/wp-json\/wp\/v2\/categories?post=25140"},{"taxonomy":"post_tag","embeddable":true,"href":"https:\/\/www.sudoestehoje.com.br\/novoportal\/wp-json\/wp\/v2\/tags?post=25140"}],"curies":[{"name":"wp","href":"https:\/\/api.w.org\/{rel}","templated":true}]}}