
{"id":25136,"date":"2013-03-18T21:44:53","date_gmt":"2013-03-19T00:44:53","guid":{"rendered":"http:\/\/www.sudoestehoje.com.br\/novoportal\/?p=25136"},"modified":"2013-03-18T21:44:53","modified_gmt":"2013-03-19T00:44:53","slug":"anvisa-suspende-venda-de-sucos-ades","status":"publish","type":"post","link":"https:\/\/www.sudoestehoje.com.br\/novoportal\/2013\/03\/18\/anvisa-suspende-venda-de-sucos-ades\/","title":{"rendered":"ANVISA SUSPENDE VENDA DE SUCOS ADES"},"content":{"rendered":"<p><img decoding=\"async\" class=\"aligncenter\" alt=\"\" src=\"http:\/\/www.reclamao.com\/noticias\/site\/h95_1.jpg\" width=\"400\" \/><\/p>\n<p>&nbsp;<\/p>\n<p>Resolu\u00e7\u00e3o da Ag\u00eancia Nacional de Vigil\u00e2ncia Sanit\u00e1ria (Anvisa) suspende a fabrica\u00e7\u00e3o, a distribui\u00e7\u00e3o, a comercializa\u00e7\u00e3o e o consumo, em todo o territ\u00f3rio nacional, de lotes de produtos da marca Ades de uma linha de produ\u00e7\u00e3o da f\u00e1brica da Unilever, em Pouso Alegre (MG).<\/p>\n<p>De acordo com a Anvisa, a medida foi tomada por suspeita de que os lotes n\u00e3o atendam a exig\u00eancias legais e regulamentares do \u00f3rg\u00e3o. A resolu\u00e7\u00e3o foi publicada hoje (18) no\u00a0<em><a href=\"http:\/\/www.in.gov.br\/imprensa\/visualiza\/index.jsp?jornal=1&amp;pagina=99&amp;data=18\/03\/2013\" target=\"_blank\">Di\u00e1rio Oficial da Uni\u00e3o<\/a><\/em>.<\/p>\n<p>Na \u00faltima quinta-feira (14), a ag\u00eancia informou que estava acompanhando o\u00a0<em>recall<\/em>\u00a0de um lote da bebida Ades Ma\u00e7\u00e3 1,5 litro que foi envasado com solu\u00e7\u00e3o de limpeza.<\/p>\n<p>De acordo com a fabricante Unilever Brasil, houve falha no processo de higieniza\u00e7\u00e3o das m\u00e1quinas, o que resultou no envasamento de embalagens com a solu\u00e7\u00e3o de limpeza. Cerca de 96 embalagens foram distribu\u00eddas em S\u00e3o Paulo, no Rio de Janeiro e no Paran\u00e1 com o produto impr\u00f3prio para consumo. Informa\u00e7\u00f5es da Ag\u00eancia Brasil.<\/p>\n","protected":false},"excerpt":{"rendered":"<p>&nbsp; Resolu\u00e7\u00e3o da Ag\u00eancia Nacional de Vigil\u00e2ncia Sanit\u00e1ria (Anvisa) suspende a fabrica\u00e7\u00e3o, a distribui\u00e7\u00e3o, a comercializa\u00e7\u00e3o e o consumo, em todo o territ\u00f3rio nacional, de lotes de produtos da marca Ades de uma linha de produ\u00e7\u00e3o da f\u00e1brica da Unilever, em Pouso Alegre (MG). De acordo com a Anvisa, a medida foi tomada por suspeita [&hellip;]<\/p>\n","protected":false},"author":2,"featured_media":0,"comment_status":"open","ping_status":"open","sticky":false,"template":"","format":"standard","meta":{"footnotes":"","_links_to":"","_links_to_target":""},"categories":[1],"tags":[],"class_list":["post-25136","post","type-post","status-publish","format-standard","hentry","category-geral"],"views":1226,"_links":{"self":[{"href":"https:\/\/www.sudoestehoje.com.br\/novoportal\/wp-json\/wp\/v2\/posts\/25136","targetHints":{"allow":["GET"]}}],"collection":[{"href":"https:\/\/www.sudoestehoje.com.br\/novoportal\/wp-json\/wp\/v2\/posts"}],"about":[{"href":"https:\/\/www.sudoestehoje.com.br\/novoportal\/wp-json\/wp\/v2\/types\/post"}],"author":[{"embeddable":true,"href":"https:\/\/www.sudoestehoje.com.br\/novoportal\/wp-json\/wp\/v2\/users\/2"}],"replies":[{"embeddable":true,"href":"https:\/\/www.sudoestehoje.com.br\/novoportal\/wp-json\/wp\/v2\/comments?post=25136"}],"version-history":[{"count":3,"href":"https:\/\/www.sudoestehoje.com.br\/novoportal\/wp-json\/wp\/v2\/posts\/25136\/revisions"}],"predecessor-version":[{"id":25139,"href":"https:\/\/www.sudoestehoje.com.br\/novoportal\/wp-json\/wp\/v2\/posts\/25136\/revisions\/25139"}],"wp:attachment":[{"href":"https:\/\/www.sudoestehoje.com.br\/novoportal\/wp-json\/wp\/v2\/media?parent=25136"}],"wp:term":[{"taxonomy":"category","embeddable":true,"href":"https:\/\/www.sudoestehoje.com.br\/novoportal\/wp-json\/wp\/v2\/categories?post=25136"},{"taxonomy":"post_tag","embeddable":true,"href":"https:\/\/www.sudoestehoje.com.br\/novoportal\/wp-json\/wp\/v2\/tags?post=25136"}],"curies":[{"name":"wp","href":"https:\/\/api.w.org\/{rel}","templated":true}]}}