
{"id":25109,"date":"2013-03-16T18:05:40","date_gmt":"2013-03-16T21:05:40","guid":{"rendered":"http:\/\/www.sudoestehoje.com.br\/novoportal\/?p=25109"},"modified":"2013-03-16T18:05:40","modified_gmt":"2013-03-16T21:05:40","slug":"psol-e-criado-em-itapetinga","status":"publish","type":"post","link":"https:\/\/www.sudoestehoje.com.br\/novoportal\/2013\/03\/16\/psol-e-criado-em-itapetinga\/","title":{"rendered":"PSOL \u00c9 CRIADO EM ITAPETINGA"},"content":{"rendered":"<p><a href=\"http:\/\/www.sudoestehoje.com.br\/novoportal\/wp-content\/uploads\/2013\/03\/CRIA\u00c7\u00c3O_DO_PSOL.jpg\"><img loading=\"lazy\" decoding=\"async\" class=\"aligncenter size-medium wp-image-25110\" alt=\"CRIA\u00c7\u00c3O_DO_PSOL\" src=\"http:\/\/www.sudoestehoje.com.br\/novoportal\/wp-content\/uploads\/2013\/03\/CRIA\u00c7\u00c3O_DO_PSOL-335x500.jpg\" width=\"335\" height=\"500\" srcset=\"https:\/\/www.sudoestehoje.com.br\/novoportal\/wp-content\/uploads\/2013\/03\/CRIA\u00c7\u00c3O_DO_PSOL-335x500.jpg 335w, https:\/\/www.sudoestehoje.com.br\/novoportal\/wp-content\/uploads\/2013\/03\/CRIA\u00c7\u00c3O_DO_PSOL-469x700.jpg 469w, https:\/\/www.sudoestehoje.com.br\/novoportal\/wp-content\/uploads\/2013\/03\/CRIA\u00c7\u00c3O_DO_PSOL.jpg 1180w\" sizes=\"auto, (max-width: 335px) 100vw, 335px\" \/><\/a><\/p>\n<p>&nbsp;<\/p>\n<p>Aconteceu neste s\u00e1bado, na Associa\u00e7\u00e3o dos Artistas, centro de Itapetinga, a primeira reuni\u00e3o do PSOL, que contou com a presen\u00e7a do Presidente Estadual do partido Marcos Mendes (foto).<\/p>\n<p id=\"yui_3_7_2_1_1363454058123_3454\">Welington Brito, Alex Dutra, Israel Damasceno, Elano de Jesus, Josevan Dutra, Genivaldo Pereira, entre outros. Estes s\u00e3o os quadros que a legenda quer trazer para compor a dire\u00e7\u00e3o do partido na cria\u00e7\u00e3o de sua Comiss\u00e3o Provis\u00f3ria.<\/p>\n<p id=\"yui_3_7_2_1_1363454058123_3456\">A reuni\u00e3o contou com a presen\u00e7a de Milton Marinho, l\u00edder do PSOL de Itoror\u00f3 e ex-candidato a prefeito, que pretende estender a legenda de esquerda por todo territ\u00f3rio cultural.<\/p>\n","protected":false},"excerpt":{"rendered":"<p>&nbsp; Aconteceu neste s\u00e1bado, na Associa\u00e7\u00e3o dos Artistas, centro de Itapetinga, a primeira reuni\u00e3o do PSOL, que contou com a presen\u00e7a do Presidente Estadual do partido Marcos Mendes (foto). Welington Brito, Alex Dutra, Israel Damasceno, Elano de Jesus, Josevan Dutra, Genivaldo Pereira, entre outros. Estes s\u00e3o os quadros que a legenda quer trazer para compor [&hellip;]<\/p>\n","protected":false},"author":2,"featured_media":0,"comment_status":"open","ping_status":"open","sticky":false,"template":"","format":"standard","meta":{"footnotes":"","_links_to":"","_links_to_target":""},"categories":[1],"tags":[],"class_list":["post-25109","post","type-post","status-publish","format-standard","hentry","category-geral"],"views":1319,"_links":{"self":[{"href":"https:\/\/www.sudoestehoje.com.br\/novoportal\/wp-json\/wp\/v2\/posts\/25109","targetHints":{"allow":["GET"]}}],"collection":[{"href":"https:\/\/www.sudoestehoje.com.br\/novoportal\/wp-json\/wp\/v2\/posts"}],"about":[{"href":"https:\/\/www.sudoestehoje.com.br\/novoportal\/wp-json\/wp\/v2\/types\/post"}],"author":[{"embeddable":true,"href":"https:\/\/www.sudoestehoje.com.br\/novoportal\/wp-json\/wp\/v2\/users\/2"}],"replies":[{"embeddable":true,"href":"https:\/\/www.sudoestehoje.com.br\/novoportal\/wp-json\/wp\/v2\/comments?post=25109"}],"version-history":[{"count":2,"href":"https:\/\/www.sudoestehoje.com.br\/novoportal\/wp-json\/wp\/v2\/posts\/25109\/revisions"}],"predecessor-version":[{"id":25112,"href":"https:\/\/www.sudoestehoje.com.br\/novoportal\/wp-json\/wp\/v2\/posts\/25109\/revisions\/25112"}],"wp:attachment":[{"href":"https:\/\/www.sudoestehoje.com.br\/novoportal\/wp-json\/wp\/v2\/media?parent=25109"}],"wp:term":[{"taxonomy":"category","embeddable":true,"href":"https:\/\/www.sudoestehoje.com.br\/novoportal\/wp-json\/wp\/v2\/categories?post=25109"},{"taxonomy":"post_tag","embeddable":true,"href":"https:\/\/www.sudoestehoje.com.br\/novoportal\/wp-json\/wp\/v2\/tags?post=25109"}],"curies":[{"name":"wp","href":"https:\/\/api.w.org\/{rel}","templated":true}]}}