
{"id":2506,"date":"2010-12-09T01:00:55","date_gmt":"2010-12-09T04:00:55","guid":{"rendered":"http:\/\/www.sudoestehoje.com.br\/novoportal\/?p=2506"},"modified":"2010-12-09T01:00:55","modified_gmt":"2010-12-09T04:00:55","slug":"itapetinga-58-anos","status":"publish","type":"post","link":"https:\/\/www.sudoestehoje.com.br\/novoportal\/2010\/12\/09\/itapetinga-58-anos\/","title":{"rendered":"ITAPETINGA 58 ANOS"},"content":{"rendered":"<p style=\"text-align: center;\"><a href=\"http:\/\/www.sudoestehoje.com.br\/novoportal\/wp-content\/uploads\/2010\/12\/foto9.jpg\"><img loading=\"lazy\" decoding=\"async\" class=\"size-medium wp-image-2511  aligncenter\" title=\"foto9\" src=\"http:\/\/www.sudoestehoje.com.br\/novoportal\/wp-content\/uploads\/2010\/12\/foto9-500x319.jpg\" alt=\"\" width=\"500\" height=\"319\" srcset=\"https:\/\/www.sudoestehoje.com.br\/novoportal\/wp-content\/uploads\/2010\/12\/foto9-500x319.jpg 500w, https:\/\/www.sudoestehoje.com.br\/novoportal\/wp-content\/uploads\/2010\/12\/foto9-1024x654.jpg 1024w, https:\/\/www.sudoestehoje.com.br\/novoportal\/wp-content\/uploads\/2010\/12\/foto9.jpg 1100w\" sizes=\"auto, (max-width: 500px) 100vw, 500px\" \/><\/a><\/p>\n<p style=\"text-align: center;\"><strong>Desfile c\u00edvico na antiga Pra\u00e7a Augusto Carvalho (anos 50\/60)<\/strong><\/p>\n<p style=\"text-align: center;\"><strong>\u00a0<\/strong><a href=\"http:\/\/www.sudoestehoje.com.br\/novoportal\/wp-content\/uploads\/2010\/12\/FOTO58.jpg\"><img loading=\"lazy\" decoding=\"async\" class=\"size-medium wp-image-2512  aligncenter\" title=\"FOTO58\" src=\"http:\/\/www.sudoestehoje.com.br\/novoportal\/wp-content\/uploads\/2010\/12\/FOTO58-500x361.jpg\" alt=\"\" width=\"500\" height=\"361\" srcset=\"https:\/\/www.sudoestehoje.com.br\/novoportal\/wp-content\/uploads\/2010\/12\/FOTO58-500x361.jpg 500w, https:\/\/www.sudoestehoje.com.br\/novoportal\/wp-content\/uploads\/2010\/12\/FOTO58-1024x739.jpg 1024w\" sizes=\"auto, (max-width: 500px) 100vw, 500px\" \/><\/a><strong>Antiga rua Rui Barbosa, hoje Alameda<\/strong><\/p>\n<p style=\"text-align: center;\"><a href=\"http:\/\/www.sudoestehoje.com.br\/novoportal\/wp-content\/uploads\/2010\/12\/FOTO5.jpg\"><img loading=\"lazy\" decoding=\"async\" class=\"size-medium wp-image-2514  aligncenter\" title=\"FOTO5\" src=\"http:\/\/www.sudoestehoje.com.br\/novoportal\/wp-content\/uploads\/2010\/12\/FOTO5-500x333.jpg\" alt=\"\" width=\"500\" height=\"333\" srcset=\"https:\/\/www.sudoestehoje.com.br\/novoportal\/wp-content\/uploads\/2010\/12\/FOTO5-500x333.jpg 500w, https:\/\/www.sudoestehoje.com.br\/novoportal\/wp-content\/uploads\/2010\/12\/FOTO5-1024x682.jpg 1024w, https:\/\/www.sudoestehoje.com.br\/novoportal\/wp-content\/uploads\/2010\/12\/FOTO5.jpg 1370w\" sizes=\"auto, (max-width: 500px) 100vw, 500px\" \/><\/a><\/p>\n<p style=\"text-align: center;\"><strong>Concentra\u00e7\u00e3o pol\u00edtica na Pra\u00e7a Augusto Carvalho, no inicio dos anos 60<\/strong><\/p>\n","protected":false},"excerpt":{"rendered":"<p>Desfile c\u00edvico na antiga Pra\u00e7a Augusto Carvalho (anos 50\/60) \u00a0Antiga rua Rui Barbosa, hoje Alameda Concentra\u00e7\u00e3o pol\u00edtica na Pra\u00e7a Augusto Carvalho, no inicio dos anos 60<\/p>\n","protected":false},"author":2,"featured_media":0,"comment_status":"open","ping_status":"open","sticky":false,"template":"","format":"standard","meta":{"footnotes":"","_links_to":"","_links_to_target":""},"categories":[1],"tags":[],"class_list":["post-2506","post","type-post","status-publish","format-standard","hentry","category-geral"],"views":7056,"_links":{"self":[{"href":"https:\/\/www.sudoestehoje.com.br\/novoportal\/wp-json\/wp\/v2\/posts\/2506","targetHints":{"allow":["GET"]}}],"collection":[{"href":"https:\/\/www.sudoestehoje.com.br\/novoportal\/wp-json\/wp\/v2\/posts"}],"about":[{"href":"https:\/\/www.sudoestehoje.com.br\/novoportal\/wp-json\/wp\/v2\/types\/post"}],"author":[{"embeddable":true,"href":"https:\/\/www.sudoestehoje.com.br\/novoportal\/wp-json\/wp\/v2\/users\/2"}],"replies":[{"embeddable":true,"href":"https:\/\/www.sudoestehoje.com.br\/novoportal\/wp-json\/wp\/v2\/comments?post=2506"}],"version-history":[{"count":5,"href":"https:\/\/www.sudoestehoje.com.br\/novoportal\/wp-json\/wp\/v2\/posts\/2506\/revisions"}],"predecessor-version":[{"id":2519,"href":"https:\/\/www.sudoestehoje.com.br\/novoportal\/wp-json\/wp\/v2\/posts\/2506\/revisions\/2519"}],"wp:attachment":[{"href":"https:\/\/www.sudoestehoje.com.br\/novoportal\/wp-json\/wp\/v2\/media?parent=2506"}],"wp:term":[{"taxonomy":"category","embeddable":true,"href":"https:\/\/www.sudoestehoje.com.br\/novoportal\/wp-json\/wp\/v2\/categories?post=2506"},{"taxonomy":"post_tag","embeddable":true,"href":"https:\/\/www.sudoestehoje.com.br\/novoportal\/wp-json\/wp\/v2\/tags?post=2506"}],"curies":[{"name":"wp","href":"https:\/\/api.w.org\/{rel}","templated":true}]}}