
{"id":25017,"date":"2013-03-18T23:22:16","date_gmt":"2013-03-19T02:22:16","guid":{"rendered":"http:\/\/www.sudoestehoje.com.br\/novoportal\/?p=25017"},"modified":"2013-03-20T16:42:19","modified_gmt":"2013-03-20T19:42:19","slug":"diretor-do-if-baiano-e-afastado-sob-denuncias-de-irregularidades","status":"publish","type":"post","link":"https:\/\/www.sudoestehoje.com.br\/novoportal\/2013\/03\/18\/diretor-do-if-baiano-e-afastado-sob-denuncias-de-irregularidades\/","title":{"rendered":"DIRETOR DO IF BAIANO \u00c9 AFASTADO SOB DEN\u00daNCIAS DE IRREGULARIDADES"},"content":{"rendered":"<p style=\"text-align: center;\"><img decoding=\"async\" alt=\"Diretor- Afastado\" src=\"http:\/\/www.blogdaresenhageral.com.br\/v1\/wp-content\/uploads\/Diretor-Afastado.jpg\" \/><\/p>\n<p>&nbsp;<\/p>\n<p>ITAPETINGA: Ap\u00f3s v\u00e1rias den\u00fancias de irregularidades, o Diretor Geral Pr\u00f3 Tempore do IF Baiano, campus Itapetinga, \u00a0Sr. Jos\u00e9 Assun\u00e7\u00e3o Silveira Junior, foi afastado do cargo conforme Portaria de n\u00ba 227 datada de 07 de mar\u00e7o de 2013, \u00a0publicada no Di\u00e1rio Oficial da Uni\u00e3o do dia 08 de mar\u00e7o de 2013, onde consta que ele ir\u00e1 responder o Processo Administrativo Disciplinar (PAD) de n\u00ba 23327.000186\/2013-42.\u00a0Vale ressaltar que o Diretor Geral j\u00e1 responde a outro Processo Administrativo Disciplinar sobre Obras.<\/p>\n<p>Abaixo, algumas das irregularidades constantes no processo:<!--more--><!--more--><\/p>\n<ol>\n<li>Gest\u00e3o centralizadora e autorit\u00e1ria;<\/li>\n<li>Inviabilidade do trabalho docente pela corrobora\u00e7\u00e3o da indisciplina estudantil;<\/li>\n<li>Falta de planejamento das a\u00e7\u00f5es pedag\u00f3gicas e administrativas de forma participativa;<\/li>\n<li>Gerenciamento de setores estrat\u00e9gicos por funcion\u00e1rios terceirizados;<\/li>\n<li>Libera\u00e7\u00e3o de servidores sem crit\u00e9rios. Mais especificamente no caso de professores, deixando o Campus descoberto durante um semestre letivo (Hist\u00f3ria, F\u00edsica, Filosofia, Equideocultura e outras disciplinas), ocasionando assim preju\u00edzo para os alunos;<\/li>\n<li>Libera\u00e7\u00e3o do Campus para a realiza\u00e7\u00e3o de festas particulares;<\/li>\n<li>Utiliza\u00e7\u00e3o de ve\u00edculo oficial pelo Diretor Geral e por servidores de sua confian\u00e7a para atividades particulares;<\/li>\n<li>Prioriza\u00e7\u00e3o para a constru\u00e7\u00e3o de um centro de equoterapia, e n\u00e3o das instala\u00e7\u00f5es necess\u00e1rias para a realiza\u00e7\u00e3o de atividades pedag\u00f3gicas dos cursos j\u00e1 existentes, sequer salas de aulas;<\/li>\n<li>Utiliza\u00e7\u00e3o de forma indevida de recursos da Cooperativa dos alunos da EMARC, para pagamento de GRUs, multa de tr\u00e2nsito e aluguel de resid\u00eancia;<\/li>\n<li>Omiss\u00e3o sobre falsidade ideol\u00f3gica de docente que registrou quantitativo superior \u00e0s aulas ministradas no Di\u00e1rio de Classe;<\/li>\n<li>Libera\u00e7\u00e3o de professor para outra Institui\u00e7\u00e3o, deixando os alunos sem aulas, para depois \u201crepatri\u00e1-lo\u201d pagando di\u00e1rias;<\/li>\n<li>Libera\u00e7\u00e3o de ve\u00edculo oficial pelo Diretor Geral para viagem de particulares a Salvador e a Minas Gerais;<\/li>\n<li>Autoriza\u00e7\u00e3o do Diretor Geral para o recebimento de gado abaixo do peso m\u00ednimo exigido em edital;<\/li>\n<li>Utiliza\u00e7\u00e3o de bebida alco\u00f3lica por alunos em eventos dentro do Campus. Inclusive com divulga\u00e7\u00e3o em rede social;<\/li>\n<li>Utiliza\u00e7\u00e3o indevida da pastagem do Campus, onde o Diretor Geral colocou dois animais de sua propriedade, por aproximadamente dois meses;<\/li>\n<\/ol>\n<p>Tudo isso culminou com a falta de credibilidade local e regional da Institui\u00e7\u00e3o. Ocasionando assim, o baixo n\u00ba de inscritos no processo seletivo de 2013 (210 aproximadamente). S\u00f3 para se ter uma id\u00e9ia, no ano de 2010 foram quase 900 inscritos. Tanto que foi o maior \u00edndice de redu\u00e7\u00e3o dentro do IF Baiano.<\/p>\n<p><strong><em>Da Reda\u00e7\u00e3o<\/em><\/strong><\/p>\n","protected":false},"excerpt":{"rendered":"<p>&nbsp; ITAPETINGA: Ap\u00f3s v\u00e1rias den\u00fancias de irregularidades, o Diretor Geral Pr\u00f3 Tempore do IF Baiano, campus Itapetinga, \u00a0Sr. Jos\u00e9 Assun\u00e7\u00e3o Silveira Junior, foi afastado do cargo conforme Portaria de n\u00ba 227 datada de 07 de mar\u00e7o de 2013, \u00a0publicada no Di\u00e1rio Oficial da Uni\u00e3o do dia 08 de mar\u00e7o de 2013, onde consta que ele [&hellip;]<\/p>\n","protected":false},"author":2,"featured_media":0,"comment_status":"open","ping_status":"open","sticky":false,"template":"","format":"standard","meta":{"footnotes":"","_links_to":"","_links_to_target":""},"categories":[1],"tags":[],"class_list":["post-25017","post","type-post","status-publish","format-standard","hentry","category-geral"],"views":1854,"_links":{"self":[{"href":"https:\/\/www.sudoestehoje.com.br\/novoportal\/wp-json\/wp\/v2\/posts\/25017","targetHints":{"allow":["GET"]}}],"collection":[{"href":"https:\/\/www.sudoestehoje.com.br\/novoportal\/wp-json\/wp\/v2\/posts"}],"about":[{"href":"https:\/\/www.sudoestehoje.com.br\/novoportal\/wp-json\/wp\/v2\/types\/post"}],"author":[{"embeddable":true,"href":"https:\/\/www.sudoestehoje.com.br\/novoportal\/wp-json\/wp\/v2\/users\/2"}],"replies":[{"embeddable":true,"href":"https:\/\/www.sudoestehoje.com.br\/novoportal\/wp-json\/wp\/v2\/comments?post=25017"}],"version-history":[{"count":7,"href":"https:\/\/www.sudoestehoje.com.br\/novoportal\/wp-json\/wp\/v2\/posts\/25017\/revisions"}],"predecessor-version":[{"id":25193,"href":"https:\/\/www.sudoestehoje.com.br\/novoportal\/wp-json\/wp\/v2\/posts\/25017\/revisions\/25193"}],"wp:attachment":[{"href":"https:\/\/www.sudoestehoje.com.br\/novoportal\/wp-json\/wp\/v2\/media?parent=25017"}],"wp:term":[{"taxonomy":"category","embeddable":true,"href":"https:\/\/www.sudoestehoje.com.br\/novoportal\/wp-json\/wp\/v2\/categories?post=25017"},{"taxonomy":"post_tag","embeddable":true,"href":"https:\/\/www.sudoestehoje.com.br\/novoportal\/wp-json\/wp\/v2\/tags?post=25017"}],"curies":[{"name":"wp","href":"https:\/\/api.w.org\/{rel}","templated":true}]}}