
{"id":25015,"date":"2013-03-14T10:27:36","date_gmt":"2013-03-14T13:27:36","guid":{"rendered":"http:\/\/www.sudoestehoje.com.br\/novoportal\/?p=25015"},"modified":"2013-03-14T10:27:36","modified_gmt":"2013-03-14T13:27:36","slug":"os-30-bons-motivos","status":"publish","type":"post","link":"https:\/\/www.sudoestehoje.com.br\/novoportal\/2013\/03\/14\/os-30-bons-motivos\/","title":{"rendered":"OS 30 BONS MOTIVOS"},"content":{"rendered":"<p style=\"text-align: center;\"><img decoding=\"async\" class=\"aligncenter\" alt=\"\" src=\"http:\/\/t0.gstatic.com\/images?q=tbn:ANd9GcT4gRX-gHnrCUjsQxB-Eqrex51AGsG5BxDno2IWDrk2k01JEvFO\" width=\"150\" \/><\/p>\n<p>Quem ainda tinha d\u00favidas sobre o posicionamento pol\u00edtico dos vereadores Valquir\u00e3o (PR) e Jo\u00e3o Carlos (PMDB), agora n\u00e3o tem mais. Os dois edis, que debandaram para o grupo do prefeito antes mesmo de assumirem os seus mandatos, agora est\u00e3o \u00a0 \u00a0integrados ao grupo da prefeitura e at\u00e9 participando das reuni\u00f5es da &#8216;base governista&#8217;. Nesta quarta-feira, os dois foram convocados pelo prefeito Z\u00e9 Carlos e estiveram presentes na reuni\u00e3o de gabinete para receberem orienta\u00e7\u00e3o sobre o projeto de lei que &#8216;lasca&#8217; com as reivindica\u00e7\u00f5es dos Agentes de Sa\u00fade, e at\u00e9 juraram fidelidade a Z\u00e9 Carlos, na sa\u00fade, na doen\u00e7a, na alegria, na tristeza, at\u00e9 que uma derrota nas urnas os separem. Assim caminha a nossa falida e oportunista &#8216;oposi\u00e7\u00e3o&#8217;&#8230;<\/p>\n","protected":false},"excerpt":{"rendered":"<p>Quem ainda tinha d\u00favidas sobre o posicionamento pol\u00edtico dos vereadores Valquir\u00e3o (PR) e Jo\u00e3o Carlos (PMDB), agora n\u00e3o tem mais. Os dois edis, que debandaram para o grupo do prefeito antes mesmo de assumirem os seus mandatos, agora est\u00e3o \u00a0 \u00a0integrados ao grupo da prefeitura e at\u00e9 participando das reuni\u00f5es da &#8216;base governista&#8217;. Nesta quarta-feira, [&hellip;]<\/p>\n","protected":false},"author":2,"featured_media":0,"comment_status":"open","ping_status":"open","sticky":false,"template":"","format":"standard","meta":{"footnotes":"","_links_to":"","_links_to_target":""},"categories":[11],"tags":[],"class_list":["post-25015","post","type-post","status-publish","format-standard","hentry","category-quentinhas"],"views":1313,"_links":{"self":[{"href":"https:\/\/www.sudoestehoje.com.br\/novoportal\/wp-json\/wp\/v2\/posts\/25015","targetHints":{"allow":["GET"]}}],"collection":[{"href":"https:\/\/www.sudoestehoje.com.br\/novoportal\/wp-json\/wp\/v2\/posts"}],"about":[{"href":"https:\/\/www.sudoestehoje.com.br\/novoportal\/wp-json\/wp\/v2\/types\/post"}],"author":[{"embeddable":true,"href":"https:\/\/www.sudoestehoje.com.br\/novoportal\/wp-json\/wp\/v2\/users\/2"}],"replies":[{"embeddable":true,"href":"https:\/\/www.sudoestehoje.com.br\/novoportal\/wp-json\/wp\/v2\/comments?post=25015"}],"version-history":[{"count":1,"href":"https:\/\/www.sudoestehoje.com.br\/novoportal\/wp-json\/wp\/v2\/posts\/25015\/revisions"}],"predecessor-version":[{"id":25016,"href":"https:\/\/www.sudoestehoje.com.br\/novoportal\/wp-json\/wp\/v2\/posts\/25015\/revisions\/25016"}],"wp:attachment":[{"href":"https:\/\/www.sudoestehoje.com.br\/novoportal\/wp-json\/wp\/v2\/media?parent=25015"}],"wp:term":[{"taxonomy":"category","embeddable":true,"href":"https:\/\/www.sudoestehoje.com.br\/novoportal\/wp-json\/wp\/v2\/categories?post=25015"},{"taxonomy":"post_tag","embeddable":true,"href":"https:\/\/www.sudoestehoje.com.br\/novoportal\/wp-json\/wp\/v2\/tags?post=25015"}],"curies":[{"name":"wp","href":"https:\/\/api.w.org\/{rel}","templated":true}]}}