
{"id":25003,"date":"2013-03-13T21:33:18","date_gmt":"2013-03-14T00:33:18","guid":{"rendered":"http:\/\/www.sudoestehoje.com.br\/novoportal\/?p=25003"},"modified":"2013-03-13T21:33:18","modified_gmt":"2013-03-14T00:33:18","slug":"carlinhos-consegue-nova-viatura-policial-para-macarani","status":"publish","type":"post","link":"https:\/\/www.sudoestehoje.com.br\/novoportal\/2013\/03\/13\/carlinhos-consegue-nova-viatura-policial-para-macarani\/","title":{"rendered":"CARLINHOS CONSEGUE NOVA VIATURA POLICIAL PARA MACARANI"},"content":{"rendered":"<p><img decoding=\"async\" class=\"aligncenter\" alt=\"\" src=\"http:\/\/www.tanabocadopovo.com.br\/2013\/NoticiasLocais-2013\/marco\/imagens\/viatura02.jpg\" width=\"400\" \/><\/p>\n<p>&nbsp;<\/p>\n<p>O munic\u00edpio de Macarani foi contemplado esta semana, com a destina\u00e7\u00e3o de uma viatura policial zero quilometro e completamente equipada, que vai refor\u00e7ar a frota de ve\u00edculos do Batalh\u00e3o da Policia Militar de Macarani, melhorando em muito a idade m\u00e9dia dos ve\u00edculos, que vem sendo utilizados no policiamento ostensivo. Trata-se de uma das mais importantes conquistas para a \u00e1rea da seguran\u00e7a p\u00fablica, nos \u00faltimos anos, importante apoio que tem por objetivo, a obten\u00e7\u00e3o de uma melhora dos \u00edndices dos indicadores de seguran\u00e7a do munic\u00edpio.<\/p>\n<p>A destina\u00e7\u00e3o de um ve\u00edculo novo para atuar na \u00e1rea de seguran\u00e7a, diretamente no atendimento das demandas do munic\u00edpio, \u00e9 uma antiga reivindica\u00e7\u00e3o da popula\u00e7\u00e3o, e desde seu primeiro mandato o Prefeito Carlinhos se empenhou ao m\u00e1ximo junto \u00e0 Secretaria de Seguran\u00e7a P\u00fablica do Estado da Bahia que pode tornar-se realidade no dia de hoje (12 de mar\u00e7o de 2013).<!--more--><\/p>\n<p>Sobre mais uma conquista para o munic\u00edpio de Macarani, O prefeito Carlinhos informou, \u201c\u00e9 muito importante \u00e0 vinda de mais dois policias para compor o quadro de policias da nossa cidade trata-se dos (Soldado \u00cdris Pereira e Manoelito Varges), que a partir de hoje faz parte do nosso pelot\u00e3o que \u00e9 composto por 16 PMs e principalmente da nossa nova viatura, num instante em que a popula\u00e7\u00e3o clama por solu\u00e7\u00f5es na \u00e1rea da seguran\u00e7a p\u00fablica\u201d, um dos temas dominantes do nosso dia a dia, esta conquista somente foi poss\u00edvel gra\u00e7as \u00e0 insist\u00eancia e empenho do prefeito junto \u00e0 Secret\u00e1ria de Seguran\u00e7a do estado da Bahia. Esta data \u00e9 de extrema import\u00e2ncia, e precisamos reconhecer e agradecer junto com toda nossa comunidade ao Major Ferreira Lopes que dedicou esfor\u00e7o e parte do seu precioso tempo, realizando contatos em diversas \u00e1reas, al\u00e9m de sempre acreditar nesta concretiza\u00e7\u00e3o, O prefeito tamb\u00e9m agradeceu a Secretaria de Seguran\u00e7a do Estado pela vinda do Delegado Dr. Irineu Andrade que no dia de hoje j\u00e1 iniciou seus trabalhos junto a comunidade macaraniense.<\/p>\n<p>Macarani hoje conta com um delegado titular, dois policiais civis, uma guarda municipal atuante sobre o comando do soldado Marcos Humberto, 16 Policiais Militar e tr\u00eas viaturas.<\/p>\n","protected":false},"excerpt":{"rendered":"<p>&nbsp; O munic\u00edpio de Macarani foi contemplado esta semana, com a destina\u00e7\u00e3o de uma viatura policial zero quilometro e completamente equipada, que vai refor\u00e7ar a frota de ve\u00edculos do Batalh\u00e3o da Policia Militar de Macarani, melhorando em muito a idade m\u00e9dia dos ve\u00edculos, que vem sendo utilizados no policiamento ostensivo. Trata-se de uma das mais [&hellip;]<\/p>\n","protected":false},"author":2,"featured_media":0,"comment_status":"open","ping_status":"open","sticky":false,"template":"","format":"standard","meta":{"footnotes":"","_links_to":"","_links_to_target":""},"categories":[1],"tags":[],"class_list":["post-25003","post","type-post","status-publish","format-standard","hentry","category-geral"],"views":1797,"_links":{"self":[{"href":"https:\/\/www.sudoestehoje.com.br\/novoportal\/wp-json\/wp\/v2\/posts\/25003","targetHints":{"allow":["GET"]}}],"collection":[{"href":"https:\/\/www.sudoestehoje.com.br\/novoportal\/wp-json\/wp\/v2\/posts"}],"about":[{"href":"https:\/\/www.sudoestehoje.com.br\/novoportal\/wp-json\/wp\/v2\/types\/post"}],"author":[{"embeddable":true,"href":"https:\/\/www.sudoestehoje.com.br\/novoportal\/wp-json\/wp\/v2\/users\/2"}],"replies":[{"embeddable":true,"href":"https:\/\/www.sudoestehoje.com.br\/novoportal\/wp-json\/wp\/v2\/comments?post=25003"}],"version-history":[{"count":3,"href":"https:\/\/www.sudoestehoje.com.br\/novoportal\/wp-json\/wp\/v2\/posts\/25003\/revisions"}],"predecessor-version":[{"id":25006,"href":"https:\/\/www.sudoestehoje.com.br\/novoportal\/wp-json\/wp\/v2\/posts\/25003\/revisions\/25006"}],"wp:attachment":[{"href":"https:\/\/www.sudoestehoje.com.br\/novoportal\/wp-json\/wp\/v2\/media?parent=25003"}],"wp:term":[{"taxonomy":"category","embeddable":true,"href":"https:\/\/www.sudoestehoje.com.br\/novoportal\/wp-json\/wp\/v2\/categories?post=25003"},{"taxonomy":"post_tag","embeddable":true,"href":"https:\/\/www.sudoestehoje.com.br\/novoportal\/wp-json\/wp\/v2\/tags?post=25003"}],"curies":[{"name":"wp","href":"https:\/\/api.w.org\/{rel}","templated":true}]}}