
{"id":250,"date":"2010-08-27T09:04:53","date_gmt":"2010-08-27T12:04:53","guid":{"rendered":"http:\/\/sudoestehoje.tempsite.ws\/novoportal\/?p=250"},"modified":"2010-09-18T14:02:09","modified_gmt":"2010-09-18T17:02:09","slug":"lula-chama-wagner-de-futuro-governador-reeleito","status":"publish","type":"post","link":"https:\/\/www.sudoestehoje.com.br\/novoportal\/2010\/08\/27\/lula-chama-wagner-de-futuro-governador-reeleito\/","title":{"rendered":"LULA CHAMA WAGNER DE &#8220;FUTURO GOVERNADOR REELEITO&#8221;"},"content":{"rendered":"<tr>\n<td width=\"100%\" valign=\"top\">\n<div>\n<div>\n<div>\n<h2><\/h2>\n<div>\n<div>\n<div style=\"text-align: center;\"><img loading=\"lazy\" decoding=\"async\" src=\"http:\/\/www.bahianoticias.com.br\/fotos\/editor\/Image\/lula_comicio_salvador_maxhaack.jpg\" border=\"0\" alt=\"\" width=\"350\" height=\"251\" \/><\/div>\n<div style=\"text-align: center;\">Lula n\u00e3o disfar\u00e7ou a prefer\u00eancia por Wagner<\/div>\n<p>Enquanto  a presidenci\u00e1vel Dilma Rousseff (PT) teve de ser discreta em seu  discurso ao ressaltar a liga\u00e7\u00e3o de \u201cprojetos\u201d com o governador Jaques  Wagner (PT), por ter palanque duplo no estado, em seu discurso no  com\u00edcio realizado na noite desta quinta-feira (26), o presidente Lula  deixou evidente sua prefer\u00eancia pelo petista. Chegou a trata-lo como  \u201cfuturo governador reeleito\u201d e seguiu com os afagos: \u201cN\u00e3o digo isso a  todo mundo, mas para voc\u00ea meu galego eu digo. Nem todo irm\u00e3o \u00e9 um bom  companheiro, mas um companheiro \u00e9 um grande irm\u00e3o\u201d, disse, para em  seguida, de forma discreta, reconhecer que Wagner teve dificuldades na  gest\u00e3o frente ao Estado. \u201cO seu segundo mandato ser\u00e1 infinitamente  melhor que o primeiro\u201d, desejou. Eleito pelo governador como seu  \u201cconselheiro pol\u00edtico\u201d, Lula cumpriu com a fun\u00e7\u00e3o e torpedeou os  oposicionistas no estado.\u00a0 Lula aconselhou Wagner a \u201cn\u00e3o perder nunca a  calma e manter a cara boa, mesmo quando os advers\u00e1rios estiverem babando  de \u00f3dio, pois o povo percebe quem est\u00e1 irresponsavelmente xingando e  quem est\u00e1 tranq\u00fcilo e sereno\u201d. Bahia Noticias<\/p>\n<\/div>\n<div id=\"yvComment8681\">\n<div><\/div>\n<\/div>\n<\/div>\n<\/div>\n<\/div>\n<\/div>\n<\/td>\n<\/tr>\n","protected":false},"excerpt":{"rendered":"<p>Lula n\u00e3o disfar\u00e7ou a prefer\u00eancia por Wagner Enquanto a presidenci\u00e1vel Dilma Rousseff (PT) teve de ser discreta em seu discurso ao ressaltar a liga\u00e7\u00e3o de \u201cprojetos\u201d com o governador Jaques Wagner (PT), por ter palanque duplo no estado, em seu discurso no com\u00edcio realizado na noite desta quinta-feira (26), o presidente Lula deixou evidente sua [&hellip;]<\/p>\n","protected":false},"author":1,"featured_media":0,"comment_status":"open","ping_status":"open","sticky":false,"template":"","format":"standard","meta":{"footnotes":"","_links_to":"","_links_to_target":""},"categories":[1],"tags":[],"class_list":["post-250","post","type-post","status-publish","format-standard","hentry","category-geral"],"views":1256,"_links":{"self":[{"href":"https:\/\/www.sudoestehoje.com.br\/novoportal\/wp-json\/wp\/v2\/posts\/250","targetHints":{"allow":["GET"]}}],"collection":[{"href":"https:\/\/www.sudoestehoje.com.br\/novoportal\/wp-json\/wp\/v2\/posts"}],"about":[{"href":"https:\/\/www.sudoestehoje.com.br\/novoportal\/wp-json\/wp\/v2\/types\/post"}],"author":[{"embeddable":true,"href":"https:\/\/www.sudoestehoje.com.br\/novoportal\/wp-json\/wp\/v2\/users\/1"}],"replies":[{"embeddable":true,"href":"https:\/\/www.sudoestehoje.com.br\/novoportal\/wp-json\/wp\/v2\/comments?post=250"}],"version-history":[{"count":2,"href":"https:\/\/www.sudoestehoje.com.br\/novoportal\/wp-json\/wp\/v2\/posts\/250\/revisions"}],"predecessor-version":[{"id":252,"href":"https:\/\/www.sudoestehoje.com.br\/novoportal\/wp-json\/wp\/v2\/posts\/250\/revisions\/252"}],"wp:attachment":[{"href":"https:\/\/www.sudoestehoje.com.br\/novoportal\/wp-json\/wp\/v2\/media?parent=250"}],"wp:term":[{"taxonomy":"category","embeddable":true,"href":"https:\/\/www.sudoestehoje.com.br\/novoportal\/wp-json\/wp\/v2\/categories?post=250"},{"taxonomy":"post_tag","embeddable":true,"href":"https:\/\/www.sudoestehoje.com.br\/novoportal\/wp-json\/wp\/v2\/tags?post=250"}],"curies":[{"name":"wp","href":"https:\/\/api.w.org\/{rel}","templated":true}]}}