
{"id":24996,"date":"2013-03-13T17:19:05","date_gmt":"2013-03-13T20:19:05","guid":{"rendered":"http:\/\/www.sudoestehoje.com.br\/novoportal\/?p=24996"},"modified":"2013-03-13T17:22:18","modified_gmt":"2013-03-13T20:22:18","slug":"o-papa-e-argentino","status":"publish","type":"post","link":"https:\/\/www.sudoestehoje.com.br\/novoportal\/2013\/03\/13\/o-papa-e-argentino\/","title":{"rendered":"NOVO PAPA \u00c9 ARGENTINO"},"content":{"rendered":"<p>&nbsp;<\/p>\n<p><img decoding=\"async\" class=\"aligncenter\" alt=\"Jorge Mario Bergoglio sa\u00fada fi\u00e9is na pra\u00e7a S\u00e3o Pedro ap\u00f3s ser anunciado novo papa\" src=\"http:\/\/f.i.uol.com.br\/folha\/homepage\/images\/13072386.jpeg\" width=\"500\" \/><\/p>\n<p>&nbsp;<\/p>\n<p>O cardeal argentino Jorge Mario Bergoglio, 76, arcebispo de Buenos Aires, \u00e9 o primeiro papa latino-americano da hist\u00f3ria. \u00c9 tamb\u00e9m a primeira vez que o cargo \u00e9 entregue a um membro da Sociedade de Jesus.\u00a0Ele obteve ao menos 77 votos dos 155 cardeais de todo o mundo que participam desde ter\u00e7a-feira (12) do conclave, na Capela Sistina, no Vaticano.<\/p>\n<p>Em seu primeiro pronunciamento, ele disse que os cardeais o encontraram no fim do mundo.\u00a0&#8220;Voc\u00eas devem saber que o dever do conclave era dar um bispo para Roma. E parece que os cardeais foram encontr\u00e1-lo no fim do mundo. Obrigado pelas boas-vindas&#8221;.<\/p>\n<p>O novo papa pediu que fizessem uma ora\u00e7\u00e3o pelo agora papa em\u00e9rito Bento 16. Depois, disse que ia fazer a b\u00ean\u00e7\u00e3o, mas antes pediu que os fi\u00e9is orassem por b\u00ean\u00e7\u00e3os a ele.<\/p>\n<p>Conforme a tradi\u00e7\u00e3o, o resultado foi anunciado por meio da emiss\u00e3o de uma fuma\u00e7a artificialmente colorida de branco, pela chamin\u00e9 da Capela Sistina. Nos dias anteriores, quando os escrut\u00ednios terminaram sem um consenso, a fuma\u00e7a expelida era de colora\u00e7\u00e3o preta. O resultado foi confirmado pelo som dos sinos da Bas\u00edlica de S\u00e3o Pedro.<!--more--><\/p>\n<p>No cargo, ele sucede Bento 16, que renunciou no dia 11 de fevereiro, em uma atitude in\u00e9dita em quase 600 anos.<\/p>\n<p>Na Argentina, Bergoglio \u00e9 conhecido pelo conservadorismo e pela batalha contra o kirchnerismo. O prelado tamb\u00e9m \u00e9 reconhecido por ser um intenso defensor da ajuda aos pobres. O argentino costuma apoiar programas sociais e desafiar publicamente pol\u00edticas de livre mercado.<\/p>\n<p>Embora se mostre preocupado com a popula\u00e7\u00e3o de baixa renda, o papa n\u00e3o \u00e9 adepto da Teologia da Liberta\u00e7\u00e3o, corrente prestigiada na Igreja brasileira que, com base em ideias marxistas, defende que o clero atue prioritariamente servindo os mais pobres.<\/p>\n<p>O conservadorismo do novo papa \u00e9 conhecido por declara\u00e7\u00f5es contra o aborto e a eutan\u00e1sia. Al\u00e9m disso, embora ressalte que homossexuais merecem respeito, Bergoglio \u00e9 contra o casamento gay.<\/p>\n","protected":false},"excerpt":{"rendered":"<p>&nbsp; &nbsp; O cardeal argentino Jorge Mario Bergoglio, 76, arcebispo de Buenos Aires, \u00e9 o primeiro papa latino-americano da hist\u00f3ria. \u00c9 tamb\u00e9m a primeira vez que o cargo \u00e9 entregue a um membro da Sociedade de Jesus.\u00a0Ele obteve ao menos 77 votos dos 155 cardeais de todo o mundo que participam desde ter\u00e7a-feira (12) do [&hellip;]<\/p>\n","protected":false},"author":2,"featured_media":0,"comment_status":"open","ping_status":"open","sticky":false,"template":"","format":"standard","meta":{"footnotes":"","_links_to":"","_links_to_target":""},"categories":[1],"tags":[],"class_list":["post-24996","post","type-post","status-publish","format-standard","hentry","category-geral"],"views":1403,"_links":{"self":[{"href":"https:\/\/www.sudoestehoje.com.br\/novoportal\/wp-json\/wp\/v2\/posts\/24996","targetHints":{"allow":["GET"]}}],"collection":[{"href":"https:\/\/www.sudoestehoje.com.br\/novoportal\/wp-json\/wp\/v2\/posts"}],"about":[{"href":"https:\/\/www.sudoestehoje.com.br\/novoportal\/wp-json\/wp\/v2\/types\/post"}],"author":[{"embeddable":true,"href":"https:\/\/www.sudoestehoje.com.br\/novoportal\/wp-json\/wp\/v2\/users\/2"}],"replies":[{"embeddable":true,"href":"https:\/\/www.sudoestehoje.com.br\/novoportal\/wp-json\/wp\/v2\/comments?post=24996"}],"version-history":[{"count":4,"href":"https:\/\/www.sudoestehoje.com.br\/novoportal\/wp-json\/wp\/v2\/posts\/24996\/revisions"}],"predecessor-version":[{"id":24999,"href":"https:\/\/www.sudoestehoje.com.br\/novoportal\/wp-json\/wp\/v2\/posts\/24996\/revisions\/24999"}],"wp:attachment":[{"href":"https:\/\/www.sudoestehoje.com.br\/novoportal\/wp-json\/wp\/v2\/media?parent=24996"}],"wp:term":[{"taxonomy":"category","embeddable":true,"href":"https:\/\/www.sudoestehoje.com.br\/novoportal\/wp-json\/wp\/v2\/categories?post=24996"},{"taxonomy":"post_tag","embeddable":true,"href":"https:\/\/www.sudoestehoje.com.br\/novoportal\/wp-json\/wp\/v2\/tags?post=24996"}],"curies":[{"name":"wp","href":"https:\/\/api.w.org\/{rel}","templated":true}]}}