
{"id":24958,"date":"2013-03-12T20:48:20","date_gmt":"2013-03-12T23:48:20","guid":{"rendered":"http:\/\/www.sudoestehoje.com.br\/novoportal\/?p=24958"},"modified":"2013-03-12T20:48:20","modified_gmt":"2013-03-12T23:48:20","slug":"mesmo-sob-pressao-feliciano-nao-arreda-pe-de-comissao-da-camara","status":"publish","type":"post","link":"https:\/\/www.sudoestehoje.com.br\/novoportal\/2013\/03\/12\/mesmo-sob-pressao-feliciano-nao-arreda-pe-de-comissao-da-camara\/","title":{"rendered":"MESMO SOB PRESS\u00c3O, FELICIANO N\u00c3O ARREDA P\u00c9 DE COMISS\u00c3O DA C\u00c2MARA"},"content":{"rendered":"<p><img decoding=\"async\" class=\"aligncenter\" alt=\"\" src=\"http:\/\/i0.statig.com.br\/bancodeimagens\/7y\/jc\/zk\/7yjczk3r0wdx1s77b33u0h4ck.jpg\" width=\"400\" \/><\/p>\n<p style=\"text-align: center;\"><em>Manifestantes protestam na C\u00e2mara contra perman\u00eancia de Feliciano<\/em><\/p>\n<p>&nbsp;<\/p>\n<p>O deputado Pastor\u00a0<a href=\"http:\/\/ultimosegundo.ig.com.br\/politica\/2013-03-07\/pastor-marco-feliciano-responde-a-acao-por-estelionato-no-stf.html\">Marco Feliciano<\/a>\u00a0(PSC-SP) n\u00e3o cedeu aos apelos de sua bancada e decidiu permanecer na presid\u00eancia da Comiss\u00e3o de Direitos Humanos e Minorias da C\u00e2mara. Apesar da press\u00e3o, Feliciano afirmou que est\u00e1 &#8220;tranquilo&#8221; e que \u00e9 um &#8220;homem sereno&#8221;. &#8220;Todos ponderaram que tudo isso causa desgaste para ele&#8221;, disse o deputado Leonardo Gadelha (PSC-PB), ao deixar a reuni\u00e3o que confirmou a perman\u00eancia de Feliciano no comando da comiss\u00e3o.<\/p>\n<p>Pelo menos duas\u00a0<a href=\"http:\/\/colunistas.ig.com.br\/poderonline\/2013\/03\/12\/manifestantes-ocupam-escada-de-acesso-da-camara-para-protestar-contra-feliciano\/\">centenas de manifestantes<\/a>\u00a0tomaram conta da entrada principal e de corredores da C\u00e2mara para protestar contra a elei\u00e7\u00e3o de Feliciano para a comiss\u00e3o. Acusado de homofobia e racismo, o pastor anda na C\u00e2mara rodeado de seguran\u00e7as. Ele prometeu fazer um pronunciamento nesta quarta-feira \u00e0 tarde, durante a primeira reuni\u00e3o da comiss\u00e3o.<\/p>\n<p>Mais cedo integrantes do PT, do PSOL e do PSB na Comiss\u00e3o de Direitos Humanos e Minorias da C\u00e2mara dos Deputados protocolaram pedido de\u00a0<a href=\"http:\/\/ultimosegundo.ig.com.br\/politica\/2013-03-12\/pt-e-psol-contestam-no-stf-feliciano-na-comissao-de-direitos-humanos.html\">mandados de seguran\u00e7a no Supremo Tribunal Federal (STF)<\/a>\u00a0contestando a sess\u00e3o que elegeu o deputado como presidente do colegiado.<\/p>\n<p>Feliciano, desde que assumiu o cargo, vem sendo\u00a0<a href=\"http:\/\/ultimosegundo.ig.com.br\/politica\/2013-03-09\/grupos-protestam-contra-nomeacao-de-feliciano-para-comissao-de-direitos-humanos.html\">alvo de protestos<\/a>\u00a0. Ele \u00e9 acusado de ser homof\u00f3bico e racista.<\/p>\n","protected":false},"excerpt":{"rendered":"<p>Manifestantes protestam na C\u00e2mara contra perman\u00eancia de Feliciano &nbsp; O deputado Pastor\u00a0Marco Feliciano\u00a0(PSC-SP) n\u00e3o cedeu aos apelos de sua bancada e decidiu permanecer na presid\u00eancia da Comiss\u00e3o de Direitos Humanos e Minorias da C\u00e2mara. Apesar da press\u00e3o, Feliciano afirmou que est\u00e1 &#8220;tranquilo&#8221; e que \u00e9 um &#8220;homem sereno&#8221;. &#8220;Todos ponderaram que tudo isso causa desgaste [&hellip;]<\/p>\n","protected":false},"author":2,"featured_media":0,"comment_status":"open","ping_status":"open","sticky":false,"template":"","format":"standard","meta":{"footnotes":"","_links_to":"","_links_to_target":""},"categories":[1],"tags":[],"class_list":["post-24958","post","type-post","status-publish","format-standard","hentry","category-geral"],"views":1214,"_links":{"self":[{"href":"https:\/\/www.sudoestehoje.com.br\/novoportal\/wp-json\/wp\/v2\/posts\/24958","targetHints":{"allow":["GET"]}}],"collection":[{"href":"https:\/\/www.sudoestehoje.com.br\/novoportal\/wp-json\/wp\/v2\/posts"}],"about":[{"href":"https:\/\/www.sudoestehoje.com.br\/novoportal\/wp-json\/wp\/v2\/types\/post"}],"author":[{"embeddable":true,"href":"https:\/\/www.sudoestehoje.com.br\/novoportal\/wp-json\/wp\/v2\/users\/2"}],"replies":[{"embeddable":true,"href":"https:\/\/www.sudoestehoje.com.br\/novoportal\/wp-json\/wp\/v2\/comments?post=24958"}],"version-history":[{"count":2,"href":"https:\/\/www.sudoestehoje.com.br\/novoportal\/wp-json\/wp\/v2\/posts\/24958\/revisions"}],"predecessor-version":[{"id":24960,"href":"https:\/\/www.sudoestehoje.com.br\/novoportal\/wp-json\/wp\/v2\/posts\/24958\/revisions\/24960"}],"wp:attachment":[{"href":"https:\/\/www.sudoestehoje.com.br\/novoportal\/wp-json\/wp\/v2\/media?parent=24958"}],"wp:term":[{"taxonomy":"category","embeddable":true,"href":"https:\/\/www.sudoestehoje.com.br\/novoportal\/wp-json\/wp\/v2\/categories?post=24958"},{"taxonomy":"post_tag","embeddable":true,"href":"https:\/\/www.sudoestehoje.com.br\/novoportal\/wp-json\/wp\/v2\/tags?post=24958"}],"curies":[{"name":"wp","href":"https:\/\/api.w.org\/{rel}","templated":true}]}}