
{"id":24949,"date":"2013-03-12T13:38:09","date_gmt":"2013-03-12T16:38:09","guid":{"rendered":"http:\/\/www.sudoestehoje.com.br\/novoportal\/?p=24949"},"modified":"2013-03-12T14:19:11","modified_gmt":"2013-03-12T17:19:11","slug":"feira-do-paraguai-vai-ser-transferida-para-a-praca-do-sao-vicente","status":"publish","type":"post","link":"https:\/\/www.sudoestehoje.com.br\/novoportal\/2013\/03\/12\/feira-do-paraguai-vai-ser-transferida-para-a-praca-do-sao-vicente\/","title":{"rendered":"FEIRA DO PARAGUAI VAI SER TRANSFERIDA PARA A PRA\u00c7A DO S\u00c3O VICENTE"},"content":{"rendered":"<p><img decoding=\"async\" class=\"aligncenter\" alt=\"\" src=\"http:\/\/img.blogdoanderson.com\/2013\/03\/DSC_9124-001-400x268.jpg\" \/><\/p>\n<p style=\"text-align: center;\"><em>A linda pra\u00e7a Herc\u00edlio Lima receber\u00e1 a bagun\u00e7a da &#8216;Feira do Paraguai&#8217;<\/em><\/p>\n<p>&nbsp;<\/p>\n<p>CONQUISTA: A constru\u00e7\u00e3o do Shopping Popular j\u00e1 est\u00e1 para se transformar em realidade e dever\u00e1 ser erguido na mesmo local onde funciona hoje a Feira do Paraguai, na Avenida Cresc\u00eancio Silveira, em frente ao Mercad\u00e3o. Em entrevista ao Blog do Anderson, na manh\u00e3 desta ter\u00e7a-feira (12), o secret\u00e1rio municipal de Servi\u00e7os P\u00fablicos, \u00c9lvio Dourado, disse que em consenso com os comerciantes ficou acordado o dia da transfer\u00eancia e o local onde ser\u00e3o instalados os boxes durante o per\u00edodo das obras.<\/p>\n<p><em>\u201cJ\u00e1 reunimos por tr\u00eas vezes com a comiss\u00e3o representante dos permission\u00e1rios e ficou j\u00e1 acertado tanto o local quanto a data da transfer\u00eancia, provavelmente na \u00faltima semana de mar\u00e7o, para o novo espa\u00e7o para at\u00e9 a constru\u00e7\u00e3o do Shopping Popular\u201d<\/em>\u00a0disse o secret\u00e1rio. Ainda de acordo com Dourado atualmente cerca de 400 comerciantes da Feira do Paraguai e Pra\u00e7a da Bandeira est\u00e3o regulamentados na Administra\u00e7\u00e3o Municipal, sendo que o primeiro grupo estar\u00e1 sendo remanejado para a Pra\u00e7a Herc\u00edlio Lima, em frente ao Hospital S\u00e3o Vicente.<\/p>\n","protected":false},"excerpt":{"rendered":"<p>A linda pra\u00e7a Herc\u00edlio Lima receber\u00e1 a bagun\u00e7a da &#8216;Feira do Paraguai&#8217; &nbsp; CONQUISTA: A constru\u00e7\u00e3o do Shopping Popular j\u00e1 est\u00e1 para se transformar em realidade e dever\u00e1 ser erguido na mesmo local onde funciona hoje a Feira do Paraguai, na Avenida Cresc\u00eancio Silveira, em frente ao Mercad\u00e3o. Em entrevista ao Blog do Anderson, na [&hellip;]<\/p>\n","protected":false},"author":2,"featured_media":0,"comment_status":"open","ping_status":"open","sticky":false,"template":"","format":"standard","meta":{"footnotes":"","_links_to":"","_links_to_target":""},"categories":[1],"tags":[],"class_list":["post-24949","post","type-post","status-publish","format-standard","hentry","category-geral"],"views":1758,"_links":{"self":[{"href":"https:\/\/www.sudoestehoje.com.br\/novoportal\/wp-json\/wp\/v2\/posts\/24949","targetHints":{"allow":["GET"]}}],"collection":[{"href":"https:\/\/www.sudoestehoje.com.br\/novoportal\/wp-json\/wp\/v2\/posts"}],"about":[{"href":"https:\/\/www.sudoestehoje.com.br\/novoportal\/wp-json\/wp\/v2\/types\/post"}],"author":[{"embeddable":true,"href":"https:\/\/www.sudoestehoje.com.br\/novoportal\/wp-json\/wp\/v2\/users\/2"}],"replies":[{"embeddable":true,"href":"https:\/\/www.sudoestehoje.com.br\/novoportal\/wp-json\/wp\/v2\/comments?post=24949"}],"version-history":[{"count":4,"href":"https:\/\/www.sudoestehoje.com.br\/novoportal\/wp-json\/wp\/v2\/posts\/24949\/revisions"}],"predecessor-version":[{"id":24952,"href":"https:\/\/www.sudoestehoje.com.br\/novoportal\/wp-json\/wp\/v2\/posts\/24949\/revisions\/24952"}],"wp:attachment":[{"href":"https:\/\/www.sudoestehoje.com.br\/novoportal\/wp-json\/wp\/v2\/media?parent=24949"}],"wp:term":[{"taxonomy":"category","embeddable":true,"href":"https:\/\/www.sudoestehoje.com.br\/novoportal\/wp-json\/wp\/v2\/categories?post=24949"},{"taxonomy":"post_tag","embeddable":true,"href":"https:\/\/www.sudoestehoje.com.br\/novoportal\/wp-json\/wp\/v2\/tags?post=24949"}],"curies":[{"name":"wp","href":"https:\/\/api.w.org\/{rel}","templated":true}]}}