
{"id":24941,"date":"2013-03-12T00:26:31","date_gmt":"2013-03-12T03:26:31","guid":{"rendered":"http:\/\/www.sudoestehoje.com.br\/novoportal\/?p=24941"},"modified":"2013-03-11T21:14:06","modified_gmt":"2013-03-12T00:14:06","slug":"jaques-wagner-vai-enfrentar-recorde-de-greves-em-2013","status":"publish","type":"post","link":"https:\/\/www.sudoestehoje.com.br\/novoportal\/2013\/03\/12\/jaques-wagner-vai-enfrentar-recorde-de-greves-em-2013\/","title":{"rendered":"JAQUES WAGNER VAI ENFRENTAR RECORDE DE GREVES EM 2013"},"content":{"rendered":"<p><img decoding=\"async\" class=\"aligncenter\" alt=\"\" src=\"http:\/\/i1.r7.com\/data\/files\/2C95\/948E\/3559\/AF49\/0135\/59DF\/5F0C\/3EA5\/greve-bahia-ter%C3%A7a-G.jpg\" width=\"400\" \/><\/p>\n<p>&nbsp;<\/p>\n<p>O governo da Bahia dever\u00e1 enfrentar o maior n\u00famero de greves da hist\u00f3ria do Brasil. O governo do PT simplesmente ignorou os servidores p\u00fablicos e deu 0% de aumento este ano, mesmo com a infla\u00e7\u00e3o arrancando um naco dos sal\u00e1rios. Os tikets refei\u00e7\u00e3o n\u00e3o sofrem reajustes h\u00e1 pelo menos 15 anos e os servidores est\u00e3o a ponto de explodir e paralisar o estado, embora o governo tenha a maioria dos sindicatos comendo na sua m\u00e3o.<\/p>\n<p>J\u00e1 no dia 20 de mar\u00e7o, os m\u00e9dicos mobilizados prometem cruzar os bra\u00e7os por 24 horas alegando que o governo fazendo brincadeira de mal gosto, reduziu os ganhos da classe, achando que s\u00f3 quem deve ganhar bem na Bahia \u00e9 o executivo e legislativo da esfera estadual.<\/p>\n<div>Lembramos ao governador estressado da Bahia que o ex-governador Paulo Souto subestimou o funcionalismo p\u00fablico, que deu o governo de m\u00e3os beijadas para o PT. ACM J\u00fanior, agradecido, j\u00e1 planeja o retorno do grupo para o governo estadual&#8230;<\/p>\n<div><\/div>\n<div><em>Chumbogrosso<\/em><\/div>\n<\/div>\n","protected":false},"excerpt":{"rendered":"<p>&nbsp; O governo da Bahia dever\u00e1 enfrentar o maior n\u00famero de greves da hist\u00f3ria do Brasil. O governo do PT simplesmente ignorou os servidores p\u00fablicos e deu 0% de aumento este ano, mesmo com a infla\u00e7\u00e3o arrancando um naco dos sal\u00e1rios. Os tikets refei\u00e7\u00e3o n\u00e3o sofrem reajustes h\u00e1 pelo menos 15 anos e os servidores [&hellip;]<\/p>\n","protected":false},"author":2,"featured_media":0,"comment_status":"open","ping_status":"open","sticky":false,"template":"","format":"standard","meta":{"footnotes":"","_links_to":"","_links_to_target":""},"categories":[1],"tags":[],"class_list":["post-24941","post","type-post","status-publish","format-standard","hentry","category-geral"],"views":1244,"_links":{"self":[{"href":"https:\/\/www.sudoestehoje.com.br\/novoportal\/wp-json\/wp\/v2\/posts\/24941","targetHints":{"allow":["GET"]}}],"collection":[{"href":"https:\/\/www.sudoestehoje.com.br\/novoportal\/wp-json\/wp\/v2\/posts"}],"about":[{"href":"https:\/\/www.sudoestehoje.com.br\/novoportal\/wp-json\/wp\/v2\/types\/post"}],"author":[{"embeddable":true,"href":"https:\/\/www.sudoestehoje.com.br\/novoportal\/wp-json\/wp\/v2\/users\/2"}],"replies":[{"embeddable":true,"href":"https:\/\/www.sudoestehoje.com.br\/novoportal\/wp-json\/wp\/v2\/comments?post=24941"}],"version-history":[{"count":3,"href":"https:\/\/www.sudoestehoje.com.br\/novoportal\/wp-json\/wp\/v2\/posts\/24941\/revisions"}],"predecessor-version":[{"id":24944,"href":"https:\/\/www.sudoestehoje.com.br\/novoportal\/wp-json\/wp\/v2\/posts\/24941\/revisions\/24944"}],"wp:attachment":[{"href":"https:\/\/www.sudoestehoje.com.br\/novoportal\/wp-json\/wp\/v2\/media?parent=24941"}],"wp:term":[{"taxonomy":"category","embeddable":true,"href":"https:\/\/www.sudoestehoje.com.br\/novoportal\/wp-json\/wp\/v2\/categories?post=24941"},{"taxonomy":"post_tag","embeddable":true,"href":"https:\/\/www.sudoestehoje.com.br\/novoportal\/wp-json\/wp\/v2\/tags?post=24941"}],"curies":[{"name":"wp","href":"https:\/\/api.w.org\/{rel}","templated":true}]}}