
{"id":24938,"date":"2013-03-11T20:20:50","date_gmt":"2013-03-11T23:20:50","guid":{"rendered":"http:\/\/www.sudoestehoje.com.br\/novoportal\/?p=24938"},"modified":"2013-03-11T20:20:50","modified_gmt":"2013-03-11T23:20:50","slug":"macarani-paulo-lacerda-e-frank-nogueira-estao-inelegiveis-por-8-anos","status":"publish","type":"post","link":"https:\/\/www.sudoestehoje.com.br\/novoportal\/2013\/03\/11\/macarani-paulo-lacerda-e-frank-nogueira-estao-inelegiveis-por-8-anos\/","title":{"rendered":"MACARANI: PAULO LACERDA E FRANK NOGUEIRA EST\u00c3O INELEG\u00cdVEIS POR 8 ANOS"},"content":{"rendered":"<p style=\"text-align: center;\"><img decoding=\"async\" class=\"aligncenter\" alt=\"\" src=\"http:\/\/4.bp.blogspot.com\/-t8NqkQ02ht0\/UGJR879pgFI\/AAAAAAAACME\/HbJGN18WH44\/s1600\/frank.jpg\" width=\"400\" \/><\/p>\n<p>&nbsp;<\/p>\n<p>O TRE \u2013 Tribunal Regional\u00a0Eleitoral\u00a0da Bahia, em Salvador, confirmou em julgamento ocorrido no ultimo dia 26 de fevereiro, a decis\u00e3o da Juiza Eleitoral de Macarani Dra. Gisele de F\u00e1tima Cunha Guimar\u00e3es Ribeiro, que cassou as candidaturas de Paulo Fernandes Lacerda e seu vice Frank Goulart Nogueira, durante as elei\u00e7\u00f5es do ano passado, e os tornou ineleg\u00edveis para qualquer cargo politico pelos pr\u00f3ximos 8 anos.<\/p>\n<p>O ac\u00f3rd\u00e3o (decis\u00e3o) do Tribunal Regional Eleitoral foi tomada por unanimidade de todos os Desembargadores, que concordaram com a Ju\u00edza de Macarani no sentido de que houve abuso de poder econ\u00f4mico dos ent\u00e3o candidatos Paulo Lacerda e Frank Nogueira, quando teriam se utilizado do radialista Rob\u00e9rio Rold\u00e3o para prejudicarem, atrav\u00e9s da Radio Transam\u00e9rica de Macarani, de propriedade do candidato a vice, a candidatura \u00e0 reelei\u00e7\u00e3o do prefeito Ant\u00f4nio Carlos Macedo Ara\u00fajo (Carlinhos) na campanha eleitoral.<!--more--><\/p>\n<p>Carlinhos foi reeleito com ampla margem de votos em outubro do ano passado sobre o ent\u00e3o j\u00e1 cassado candidato Paulo Lacerda que, no entanto, pode continuar em campanha enquanto o Tribunal Regional analisava o recurso que ele e seu vice fizeram na tentativa de reverterem a situa\u00e7\u00e3o.<\/p>\n<p>A recente decis\u00e3o final do Tribunal Regional Eleitoral da Bahia, apesar de n\u00e3o mais produzir efeitos em rela\u00e7\u00e3o \u00e0s candidaturas de Paulo Lacerda e Frank Nogueira, porque estes perderam as elei\u00e7\u00f5es nas urnas e tal fato seria irrevers\u00edvel, mant\u00e9m os efeitos da condena\u00e7\u00e3o \u00e0 inelegibilidade de ambos pelos pr\u00f3ximos 8 anos.<\/p>\n<p>Paulo Lacerda e Frank Nogueira somente poder\u00e3o ser candidatos a qualquer cargo novamente, nas elei\u00e7\u00f5es de 2020.<\/p>\n","protected":false},"excerpt":{"rendered":"<p>&nbsp; O TRE \u2013 Tribunal Regional\u00a0Eleitoral\u00a0da Bahia, em Salvador, confirmou em julgamento ocorrido no ultimo dia 26 de fevereiro, a decis\u00e3o da Juiza Eleitoral de Macarani Dra. Gisele de F\u00e1tima Cunha Guimar\u00e3es Ribeiro, que cassou as candidaturas de Paulo Fernandes Lacerda e seu vice Frank Goulart Nogueira, durante as elei\u00e7\u00f5es do ano passado, e os [&hellip;]<\/p>\n","protected":false},"author":2,"featured_media":0,"comment_status":"open","ping_status":"open","sticky":false,"template":"","format":"standard","meta":{"footnotes":"","_links_to":"","_links_to_target":""},"categories":[1],"tags":[],"class_list":["post-24938","post","type-post","status-publish","format-standard","hentry","category-geral"],"views":1752,"_links":{"self":[{"href":"https:\/\/www.sudoestehoje.com.br\/novoportal\/wp-json\/wp\/v2\/posts\/24938","targetHints":{"allow":["GET"]}}],"collection":[{"href":"https:\/\/www.sudoestehoje.com.br\/novoportal\/wp-json\/wp\/v2\/posts"}],"about":[{"href":"https:\/\/www.sudoestehoje.com.br\/novoportal\/wp-json\/wp\/v2\/types\/post"}],"author":[{"embeddable":true,"href":"https:\/\/www.sudoestehoje.com.br\/novoportal\/wp-json\/wp\/v2\/users\/2"}],"replies":[{"embeddable":true,"href":"https:\/\/www.sudoestehoje.com.br\/novoportal\/wp-json\/wp\/v2\/comments?post=24938"}],"version-history":[{"count":2,"href":"https:\/\/www.sudoestehoje.com.br\/novoportal\/wp-json\/wp\/v2\/posts\/24938\/revisions"}],"predecessor-version":[{"id":24940,"href":"https:\/\/www.sudoestehoje.com.br\/novoportal\/wp-json\/wp\/v2\/posts\/24938\/revisions\/24940"}],"wp:attachment":[{"href":"https:\/\/www.sudoestehoje.com.br\/novoportal\/wp-json\/wp\/v2\/media?parent=24938"}],"wp:term":[{"taxonomy":"category","embeddable":true,"href":"https:\/\/www.sudoestehoje.com.br\/novoportal\/wp-json\/wp\/v2\/categories?post=24938"},{"taxonomy":"post_tag","embeddable":true,"href":"https:\/\/www.sudoestehoje.com.br\/novoportal\/wp-json\/wp\/v2\/tags?post=24938"}],"curies":[{"name":"wp","href":"https:\/\/api.w.org\/{rel}","templated":true}]}}