
{"id":24933,"date":"2013-03-11T19:07:25","date_gmt":"2013-03-11T22:07:25","guid":{"rendered":"http:\/\/www.sudoestehoje.com.br\/novoportal\/?p=24933"},"modified":"2013-03-11T19:07:25","modified_gmt":"2013-03-11T22:07:25","slug":"lula-teme-que-wagner-atrapalhe-o-pt-nas-eleicoes-de-2014","status":"publish","type":"post","link":"https:\/\/www.sudoestehoje.com.br\/novoportal\/2013\/03\/11\/lula-teme-que-wagner-atrapalhe-o-pt-nas-eleicoes-de-2014\/","title":{"rendered":"LULA TEME QUE WAGNER ATRAPALHE O PT NAS ELEI\u00c7\u00d5ES DE 2014"},"content":{"rendered":"<p><img decoding=\"async\" class=\"aligncenter\" alt=\"\" src=\"http:\/\/1.bp.blogspot.com\/_uKWGS2r_LBY\/THT7WRd1W2I\/AAAAAAAABbw\/_mXLRNf2gho\/s1600\/Lula-e-wagner.jpg\" width=\"400\" \/><\/p>\n<p>&nbsp;<\/p>\n<p><strong>Romulo Faro &#8211; Bahia 247<\/strong><\/p>\n<p>Por mais que o governador Jaques Wagner (PT) fa\u00e7a de conta que n\u00e3o h\u00e1 nada a melhorar em sua gest\u00e3o e ignore a queda de aceita\u00e7\u00e3o popular em seu segundo mandato, o desempenho da Bahia no cen\u00e1rio nacional j\u00e1 preocupa o alto escal\u00e3o do PT, sobretudo o ex-presidente Lula.<\/p>\n<p>Segundo nota &#8216;Alerta vermelho&#8217;, da coluna Painel, da Folha, Rio Grande do Sul, do ex-ministro Tarso Genro; Bahia e Distrito Federal, de Agnelo Queiroz; s\u00e3o os pontos de preocupa\u00e7\u00e3o do PT para a campanha de reelei\u00e7\u00e3o da presidente Dilma Rousseff em 2014.<\/p>\n<p>&#8220;O ex-presidente quer tra\u00e7ar panorama para 2014 conhecendo os pontos fr\u00e1geis da sigla nos Estados que administra&#8221;, diz anota. Para Lula, a derrota de Nelson Pelegrino na disputa pela prefeitura de Salvador em 2010, com sua participa\u00e7\u00e3o e a da presidente Dilma, foi um sinal de que o poder de articula\u00e7\u00e3o de Jaques Wagner j\u00e1 n\u00e3o \u00e9 o mesmo de 2010, quando se reelegeu.<!--more--><!--more--><\/p>\n<p>Nos bastidores da pol\u00edtica local, o que se ouve at\u00e9 mesmo de aliados do governador \u00e9 que seu estilo &#8220;sempre tranquilo&#8221;, conforme um interlocutor (da base do governo), &#8220;j\u00e1 n\u00e3o funciona mais como foi no in\u00edcio. Hoje as pessoas j\u00e1 conseguem identificar as dificuldades do governo&#8221;.<\/p>\n<p>A &#8216;dificuldade&#8217; apontada pela fonte se traduz na realidade. No in\u00edcio de 2012, por exemplo, a Bahia foi acometida pela maior greve da hist\u00f3ria da Pol\u00edcia Militar. Foram 12 dias de dura\u00e7\u00e3o e o saldo de mais de 140 assassinatos apenas em Salvador e na Regi\u00e3o Metropolitana (RMS).<\/p>\n<p>Wagner e o pr\u00f3prio comando da PM precisaram de quase uma semana para admitir \u00e0 popula\u00e7\u00e3o que a PM estava em greve. Nos primeiros dias, o comando da corpora\u00e7\u00e3o dizia que era um movimento isolado. Mas n\u00e3o foi o que se viu nas ruas. A popula\u00e7\u00e3o lembra dos arrast\u00f5es, das ruas sem \u00f4nibus e do p\u00e2nico na face dos cidad\u00e3os.<\/p>\n<p>No quinto dia de greve Wagner fez discurso na rede de TV local para pedir aos cidad\u00e3os que mantivessem a rotina e disse que j\u00e1 tinha conversado com a &#8220;presidenta&#8221; Dilma para pedir ajuda da For\u00e7a Nacional, mas s\u00f3 se fosse necess\u00e1rio.<\/p>\n<p>O pr\u00f3prio governador admitiu que a greve teve impacto nas elei\u00e7\u00f5es municiais do ano passado, das quais ACM Neto (DEM) saiu vitorioso.<\/p>\n<p>Depois da greve da PM, findada em fevereiro, surgiu a dos professores. Mais um fato hist\u00f3rico para o governo do PT. Paralisa\u00e7\u00e3o (total) das atividades dos docentes durou 115 dias. O ano letivo de 2012 encerrou no final do m\u00eas passado.<\/p>\n<p>Enfim, voltando \u00e0 preocupa\u00e7\u00e3o do PT, Wagner, pelo menos at\u00e9 ent\u00e3o, \u00e9 posto como coordenador da campanha de Dilma no Nordeste em 2014, com a miss\u00e3o de repetir o sucesso de 2010. Mas para tanto precisa primeiro recuperar a confian\u00e7a dos baianos para garantir a popularidade da presidente na Bahia, o quarto maior col\u00e9gio eleitoral do pa\u00eds e maioria esmagadora da regi\u00e3o nordestina.<\/p>\n","protected":false},"excerpt":{"rendered":"<p>&nbsp; Romulo Faro &#8211; Bahia 247 Por mais que o governador Jaques Wagner (PT) fa\u00e7a de conta que n\u00e3o h\u00e1 nada a melhorar em sua gest\u00e3o e ignore a queda de aceita\u00e7\u00e3o popular em seu segundo mandato, o desempenho da Bahia no cen\u00e1rio nacional j\u00e1 preocupa o alto escal\u00e3o do PT, sobretudo o ex-presidente Lula. [&hellip;]<\/p>\n","protected":false},"author":2,"featured_media":0,"comment_status":"open","ping_status":"open","sticky":false,"template":"","format":"standard","meta":{"footnotes":"","_links_to":"","_links_to_target":""},"categories":[1],"tags":[],"class_list":["post-24933","post","type-post","status-publish","format-standard","hentry","category-geral"],"views":1454,"_links":{"self":[{"href":"https:\/\/www.sudoestehoje.com.br\/novoportal\/wp-json\/wp\/v2\/posts\/24933","targetHints":{"allow":["GET"]}}],"collection":[{"href":"https:\/\/www.sudoestehoje.com.br\/novoportal\/wp-json\/wp\/v2\/posts"}],"about":[{"href":"https:\/\/www.sudoestehoje.com.br\/novoportal\/wp-json\/wp\/v2\/types\/post"}],"author":[{"embeddable":true,"href":"https:\/\/www.sudoestehoje.com.br\/novoportal\/wp-json\/wp\/v2\/users\/2"}],"replies":[{"embeddable":true,"href":"https:\/\/www.sudoestehoje.com.br\/novoportal\/wp-json\/wp\/v2\/comments?post=24933"}],"version-history":[{"count":4,"href":"https:\/\/www.sudoestehoje.com.br\/novoportal\/wp-json\/wp\/v2\/posts\/24933\/revisions"}],"predecessor-version":[{"id":24937,"href":"https:\/\/www.sudoestehoje.com.br\/novoportal\/wp-json\/wp\/v2\/posts\/24933\/revisions\/24937"}],"wp:attachment":[{"href":"https:\/\/www.sudoestehoje.com.br\/novoportal\/wp-json\/wp\/v2\/media?parent=24933"}],"wp:term":[{"taxonomy":"category","embeddable":true,"href":"https:\/\/www.sudoestehoje.com.br\/novoportal\/wp-json\/wp\/v2\/categories?post=24933"},{"taxonomy":"post_tag","embeddable":true,"href":"https:\/\/www.sudoestehoje.com.br\/novoportal\/wp-json\/wp\/v2\/tags?post=24933"}],"curies":[{"name":"wp","href":"https:\/\/api.w.org\/{rel}","templated":true}]}}