
{"id":24899,"date":"2013-03-11T00:04:59","date_gmt":"2013-03-11T03:04:59","guid":{"rendered":"http:\/\/www.sudoestehoje.com.br\/novoportal\/?p=24899"},"modified":"2013-03-11T00:14:02","modified_gmt":"2013-03-11T03:14:02","slug":"como-e-que-feliciano-chegou-la","status":"publish","type":"post","link":"https:\/\/www.sudoestehoje.com.br\/novoportal\/2013\/03\/11\/como-e-que-feliciano-chegou-la\/","title":{"rendered":"COMO \u00c9 QUE FELICIANO CHEGOU L\u00c1"},"content":{"rendered":"<p>http:\/\/www.youtube.com\/watch?v=Go6rD4xGli8&#038;feature=player_embedded#!<\/p>\n<p>&nbsp;<\/p>\n<p>Chegou porque foi um dos mais ativos militantes em defesa da candidatura de Dilma Rousseff \u00e0 Presid\u00eancia da Rep\u00fablica. E usou a tribuna religiosa para fazer essa defesa. Acima, no v\u00eddeo, ele fala a fi\u00e9is e tamb\u00e9m a pastores. Canta as gl\u00f3rias da ent\u00e3o candidata. Est\u00e1 com uma camiseta: \u201cSou crist\u00e3o e voto em Dilma\u201d.<\/p>\n<p><em>Blog Reinaldo Azevedo<\/em><\/p>\n","protected":false},"excerpt":{"rendered":"<p>http:\/\/www.youtube.com\/watch?v=Go6rD4xGli8&#038;feature=player_embedded#! &nbsp; Chegou porque foi um dos mais ativos militantes em defesa da candidatura de Dilma Rousseff \u00e0 Presid\u00eancia da Rep\u00fablica. E usou a tribuna religiosa para fazer essa defesa. Acima, no v\u00eddeo, ele fala a fi\u00e9is e tamb\u00e9m a pastores. Canta as gl\u00f3rias da ent\u00e3o candidata. Est\u00e1 com uma camiseta: \u201cSou crist\u00e3o e voto [&hellip;]<\/p>\n","protected":false},"author":2,"featured_media":0,"comment_status":"open","ping_status":"open","sticky":false,"template":"","format":"standard","meta":{"footnotes":"","_links_to":"","_links_to_target":""},"categories":[1],"tags":[],"class_list":["post-24899","post","type-post","status-publish","format-standard","hentry","category-geral"],"views":1174,"_links":{"self":[{"href":"https:\/\/www.sudoestehoje.com.br\/novoportal\/wp-json\/wp\/v2\/posts\/24899","targetHints":{"allow":["GET"]}}],"collection":[{"href":"https:\/\/www.sudoestehoje.com.br\/novoportal\/wp-json\/wp\/v2\/posts"}],"about":[{"href":"https:\/\/www.sudoestehoje.com.br\/novoportal\/wp-json\/wp\/v2\/types\/post"}],"author":[{"embeddable":true,"href":"https:\/\/www.sudoestehoje.com.br\/novoportal\/wp-json\/wp\/v2\/users\/2"}],"replies":[{"embeddable":true,"href":"https:\/\/www.sudoestehoje.com.br\/novoportal\/wp-json\/wp\/v2\/comments?post=24899"}],"version-history":[{"count":4,"href":"https:\/\/www.sudoestehoje.com.br\/novoportal\/wp-json\/wp\/v2\/posts\/24899\/revisions"}],"predecessor-version":[{"id":24902,"href":"https:\/\/www.sudoestehoje.com.br\/novoportal\/wp-json\/wp\/v2\/posts\/24899\/revisions\/24902"}],"wp:attachment":[{"href":"https:\/\/www.sudoestehoje.com.br\/novoportal\/wp-json\/wp\/v2\/media?parent=24899"}],"wp:term":[{"taxonomy":"category","embeddable":true,"href":"https:\/\/www.sudoestehoje.com.br\/novoportal\/wp-json\/wp\/v2\/categories?post=24899"},{"taxonomy":"post_tag","embeddable":true,"href":"https:\/\/www.sudoestehoje.com.br\/novoportal\/wp-json\/wp\/v2\/tags?post=24899"}],"curies":[{"name":"wp","href":"https:\/\/api.w.org\/{rel}","templated":true}]}}