
{"id":24818,"date":"2013-03-08T12:31:53","date_gmt":"2013-03-08T15:31:53","guid":{"rendered":"http:\/\/www.sudoestehoje.com.br\/novoportal\/?p=24818"},"modified":"2013-03-08T12:31:53","modified_gmt":"2013-03-08T15:31:53","slug":"bomba-explode-na-sede-da-oab-no-rio","status":"publish","type":"post","link":"https:\/\/www.sudoestehoje.com.br\/novoportal\/2013\/03\/08\/bomba-explode-na-sede-da-oab-no-rio\/","title":{"rendered":"BOMBA EXPLODE NA SEDE DA OAB NO RIO"},"content":{"rendered":"<p><img decoding=\"async\" class=\"aligncenter\" alt=\"\" src=\"http:\/\/vtb.r7.com\/ER7_RJAR_BOMBAOAB_6f613aa2-87fb-11e2-b645-bb2313532268.jpg\" width=\"500\" \/><\/p>\n<p>&nbsp;<\/p>\n<p>Uma bomba explodiu, esta quinta-feira (7) na escadaria entre o 8\u00ba e o 9\u00ba andar do pr\u00e9dio onde funciona a sede da Ordem dos Advogados do Brasil (OAB) no centro do Rio de Janeiro. Ningu\u00e9m se feriu, mas houve p\u00e2nico e o pr\u00e9dio foi evacuado para uma varredura feita pelo Corpo de Bombeiros. O artefato \u00e9 popularmente chamada de &#8220;cabe\u00e7a de nego&#8221;.<\/p>\n<p>A corpora\u00e7\u00e3o recebeu uma den\u00fancia de que tr\u00eas explosivos seriam detonados no pr\u00e9dio da entidade. Os bombeiros imediatamente alertaram funcion\u00e1rios da OAB, mas a explos\u00e3o ocorreu antes que fosse tomada qualquer medida. As demais bombas ainda n\u00e3o foram localizadas.<\/p>\n<p>O ex-presidente da OAB-RJ, Wadih Damous, afirmou ter recebido den\u00fancia de que as explos\u00f5es eram uma retalia\u00e7\u00e3o supostamente promovida por militares da reserva contra a posse dele como presidente da Comiss\u00e3o Estadual da Verdade no Rio.<\/p>\n<p>O colegiado investigar\u00e1 no \u00e2mbito estadual crimes cometidos durante a ditadura militar (1964-1985). O atual presidente da OAB-RJ, Felipe Santa Cruz, \u00e9 filho do funcion\u00e1rio p\u00fablico Fernando Santa Cruz, militante pol\u00edtico preso em 1974 e desaparecido desde ent\u00e3o. BN<\/p>\n","protected":false},"excerpt":{"rendered":"<p>&nbsp; Uma bomba explodiu, esta quinta-feira (7) na escadaria entre o 8\u00ba e o 9\u00ba andar do pr\u00e9dio onde funciona a sede da Ordem dos Advogados do Brasil (OAB) no centro do Rio de Janeiro. Ningu\u00e9m se feriu, mas houve p\u00e2nico e o pr\u00e9dio foi evacuado para uma varredura feita pelo Corpo de Bombeiros. O [&hellip;]<\/p>\n","protected":false},"author":2,"featured_media":0,"comment_status":"open","ping_status":"open","sticky":false,"template":"","format":"standard","meta":{"footnotes":"","_links_to":"","_links_to_target":""},"categories":[1],"tags":[],"class_list":["post-24818","post","type-post","status-publish","format-standard","hentry","category-geral"],"views":1208,"_links":{"self":[{"href":"https:\/\/www.sudoestehoje.com.br\/novoportal\/wp-json\/wp\/v2\/posts\/24818","targetHints":{"allow":["GET"]}}],"collection":[{"href":"https:\/\/www.sudoestehoje.com.br\/novoportal\/wp-json\/wp\/v2\/posts"}],"about":[{"href":"https:\/\/www.sudoestehoje.com.br\/novoportal\/wp-json\/wp\/v2\/types\/post"}],"author":[{"embeddable":true,"href":"https:\/\/www.sudoestehoje.com.br\/novoportal\/wp-json\/wp\/v2\/users\/2"}],"replies":[{"embeddable":true,"href":"https:\/\/www.sudoestehoje.com.br\/novoportal\/wp-json\/wp\/v2\/comments?post=24818"}],"version-history":[{"count":3,"href":"https:\/\/www.sudoestehoje.com.br\/novoportal\/wp-json\/wp\/v2\/posts\/24818\/revisions"}],"predecessor-version":[{"id":24821,"href":"https:\/\/www.sudoestehoje.com.br\/novoportal\/wp-json\/wp\/v2\/posts\/24818\/revisions\/24821"}],"wp:attachment":[{"href":"https:\/\/www.sudoestehoje.com.br\/novoportal\/wp-json\/wp\/v2\/media?parent=24818"}],"wp:term":[{"taxonomy":"category","embeddable":true,"href":"https:\/\/www.sudoestehoje.com.br\/novoportal\/wp-json\/wp\/v2\/categories?post=24818"},{"taxonomy":"post_tag","embeddable":true,"href":"https:\/\/www.sudoestehoje.com.br\/novoportal\/wp-json\/wp\/v2\/tags?post=24818"}],"curies":[{"name":"wp","href":"https:\/\/api.w.org\/{rel}","templated":true}]}}