
{"id":24788,"date":"2013-03-07T16:52:42","date_gmt":"2013-03-07T19:52:42","guid":{"rendered":"http:\/\/www.sudoestehoje.com.br\/novoportal\/?p=24788"},"modified":"2013-03-07T16:52:42","modified_gmt":"2013-03-07T19:52:42","slug":"bomba-de-gas-lacrimogenio-e-atirada-contra-vice-governador-em-festa-da-pm","status":"publish","type":"post","link":"https:\/\/www.sudoestehoje.com.br\/novoportal\/2013\/03\/07\/bomba-de-gas-lacrimogenio-e-atirada-contra-vice-governador-em-festa-da-pm\/","title":{"rendered":"BOMBA DE G\u00c1S LACRIMOG\u00caNIO \u00c9 ATIRADA CONTRA VICE-GOVERNADOR EM FESTA DA PM"},"content":{"rendered":"<p style=\"text-align: center;\"><strong><img decoding=\"async\" class=\"aligncenter\" alt=\"Otto participava de festa dos 188 anos da PM baiana (Foto Manu Dias\/GovBA).\" src=\"http:\/\/www.pimenta.blog.br\/wp-content\/uploads\/Festa-da-PM-300x221.jpg\" width=\"400\" \/><\/strong><\/p>\n<p style=\"text-align: center;\"><em>Bomba de g\u00e1s caiu perto do vice-governador Otto Alencar<\/em><\/p>\n<p>&nbsp;<\/p>\n<p>Uma bomba de g\u00e1s lacrimog\u00eaneo foi atirada, na manh\u00e3 desta quinta-feira (7), contra a comitiva oficial do governo do Estado que acompanhava o desfile em comemora\u00e7\u00e3o aos 188 anos da PM-BA, na Vila Militar do Bonfim, na Cidade Baixa, em Salvador.<\/p>\n<p>O artefato arremessado por um policial caiu a cerca de 60 metros da ala onde estavam o vice-governador Otto Alencar, o titular de Seguran\u00e7a P\u00fablica, Maur\u00edcio Barbosa, o comandante-geral da PM, Alfredo Castro, secret\u00e1rios de outras pastas, autoridades e artistas.<\/p>\n<p>&#8220;Eu fiquei at\u00f4nito e com os olhos inchados. Uma coisa absurda. J\u00e1 pensou se fosse uma granada? Matava todo mundo. S\u00f3 posso acreditar que foi uma coisa sem inten\u00e7\u00e3o. Podem ter confundido com um festim utilizado nas festas, mas foi muito desagrad\u00e1vel&#8221;, disse Otto, que j\u00e1 pediu apura\u00e7\u00e3o ao comando da PM. Ainda n\u00e3o se sabe se a bomba foi arremessada propositalmente.<\/p>\n<p>Wagner n\u00e3o foi \u00e0 festa&#8230;<\/p>\n","protected":false},"excerpt":{"rendered":"<p>Bomba de g\u00e1s caiu perto do vice-governador Otto Alencar &nbsp; Uma bomba de g\u00e1s lacrimog\u00eaneo foi atirada, na manh\u00e3 desta quinta-feira (7), contra a comitiva oficial do governo do Estado que acompanhava o desfile em comemora\u00e7\u00e3o aos 188 anos da PM-BA, na Vila Militar do Bonfim, na Cidade Baixa, em Salvador. O artefato arremessado por [&hellip;]<\/p>\n","protected":false},"author":2,"featured_media":0,"comment_status":"open","ping_status":"open","sticky":false,"template":"","format":"standard","meta":{"footnotes":"","_links_to":"","_links_to_target":""},"categories":[1],"tags":[],"class_list":["post-24788","post","type-post","status-publish","format-standard","hentry","category-geral"],"views":1190,"_links":{"self":[{"href":"https:\/\/www.sudoestehoje.com.br\/novoportal\/wp-json\/wp\/v2\/posts\/24788","targetHints":{"allow":["GET"]}}],"collection":[{"href":"https:\/\/www.sudoestehoje.com.br\/novoportal\/wp-json\/wp\/v2\/posts"}],"about":[{"href":"https:\/\/www.sudoestehoje.com.br\/novoportal\/wp-json\/wp\/v2\/types\/post"}],"author":[{"embeddable":true,"href":"https:\/\/www.sudoestehoje.com.br\/novoportal\/wp-json\/wp\/v2\/users\/2"}],"replies":[{"embeddable":true,"href":"https:\/\/www.sudoestehoje.com.br\/novoportal\/wp-json\/wp\/v2\/comments?post=24788"}],"version-history":[{"count":4,"href":"https:\/\/www.sudoestehoje.com.br\/novoportal\/wp-json\/wp\/v2\/posts\/24788\/revisions"}],"predecessor-version":[{"id":24792,"href":"https:\/\/www.sudoestehoje.com.br\/novoportal\/wp-json\/wp\/v2\/posts\/24788\/revisions\/24792"}],"wp:attachment":[{"href":"https:\/\/www.sudoestehoje.com.br\/novoportal\/wp-json\/wp\/v2\/media?parent=24788"}],"wp:term":[{"taxonomy":"category","embeddable":true,"href":"https:\/\/www.sudoestehoje.com.br\/novoportal\/wp-json\/wp\/v2\/categories?post=24788"},{"taxonomy":"post_tag","embeddable":true,"href":"https:\/\/www.sudoestehoje.com.br\/novoportal\/wp-json\/wp\/v2\/tags?post=24788"}],"curies":[{"name":"wp","href":"https:\/\/api.w.org\/{rel}","templated":true}]}}