
{"id":24784,"date":"2013-03-07T16:42:29","date_gmt":"2013-03-07T19:42:29","guid":{"rendered":"http:\/\/www.sudoestehoje.com.br\/novoportal\/?p=24784"},"modified":"2013-03-07T16:42:29","modified_gmt":"2013-03-07T19:42:29","slug":"joaquim-barbosa-nega-pedido-de-dirceu-para-ir-ao-enterro-de-chavez","status":"publish","type":"post","link":"https:\/\/www.sudoestehoje.com.br\/novoportal\/2013\/03\/07\/joaquim-barbosa-nega-pedido-de-dirceu-para-ir-ao-enterro-de-chavez\/","title":{"rendered":"JOAQUIM BARBOSA NEGA PEDIDO DE DIRCEU PARA IR AO ENTERRO DE CH\u00c1VEZ"},"content":{"rendered":"<p><img decoding=\"async\" class=\"alignleft\" alt=\"\" src=\"http:\/\/www.voltairenet.org\/local\/cache-vignettes\/L200xH211\/es-Jose_20Dirceu_200-d0b01.jpg\" \/>O presidente do Supremo Tribunal Federal (STF), Joaquim Barbosa, rejeitou nesta quarta-feira o pedido do ex-ministro Jos\u00e9 Dirceu para viajar a Venezuela para acompanhar o vel\u00f3rio e enterro do ex-presidente do pa\u00eds Hugo Ch\u00e1vez. Dirceu foi condenado a 10 anos e 10 meses de pris\u00e3o por envolvimento no esquema do mensal\u00e3o e est\u00e1 com passaporte retido por ordem do Supremo desde novembro.<\/p>\n<p>Na decis\u00e3o que negou o pedido, Joaquim Barbosa afirma que Jos\u00e9 Dirceu foi condenado em \u00fanica e \u00faltima inst\u00e2ncia e observou que h\u00e1 uma decis\u00e3o que o pro\u00edbe de ausentar-se do Pa\u00eds sem pr\u00e9via autoriza\u00e7\u00e3o do STF. &#8220;A alega\u00e7\u00e3o de que o r\u00e9u mantinha &#8220;rela\u00e7\u00e3o de amizade&#8221; com o falecido por si s\u00f3 n\u00e3o \u00e9 suficiente para afastar a restri\u00e7\u00e3o imposta pela decis\u00e3o. Note-se que sequer se trata de rela\u00e7\u00e3o pr\u00f3xima de parentesco&#8221;, argumentou Barbosa.<\/p>\n","protected":false},"excerpt":{"rendered":"<p>O presidente do Supremo Tribunal Federal (STF), Joaquim Barbosa, rejeitou nesta quarta-feira o pedido do ex-ministro Jos\u00e9 Dirceu para viajar a Venezuela para acompanhar o vel\u00f3rio e enterro do ex-presidente do pa\u00eds Hugo Ch\u00e1vez. Dirceu foi condenado a 10 anos e 10 meses de pris\u00e3o por envolvimento no esquema do mensal\u00e3o e est\u00e1 com passaporte [&hellip;]<\/p>\n","protected":false},"author":2,"featured_media":0,"comment_status":"open","ping_status":"open","sticky":false,"template":"","format":"standard","meta":{"footnotes":"","_links_to":"","_links_to_target":""},"categories":[1],"tags":[],"class_list":["post-24784","post","type-post","status-publish","format-standard","hentry","category-geral"],"views":1157,"_links":{"self":[{"href":"https:\/\/www.sudoestehoje.com.br\/novoportal\/wp-json\/wp\/v2\/posts\/24784","targetHints":{"allow":["GET"]}}],"collection":[{"href":"https:\/\/www.sudoestehoje.com.br\/novoportal\/wp-json\/wp\/v2\/posts"}],"about":[{"href":"https:\/\/www.sudoestehoje.com.br\/novoportal\/wp-json\/wp\/v2\/types\/post"}],"author":[{"embeddable":true,"href":"https:\/\/www.sudoestehoje.com.br\/novoportal\/wp-json\/wp\/v2\/users\/2"}],"replies":[{"embeddable":true,"href":"https:\/\/www.sudoestehoje.com.br\/novoportal\/wp-json\/wp\/v2\/comments?post=24784"}],"version-history":[{"count":3,"href":"https:\/\/www.sudoestehoje.com.br\/novoportal\/wp-json\/wp\/v2\/posts\/24784\/revisions"}],"predecessor-version":[{"id":24787,"href":"https:\/\/www.sudoestehoje.com.br\/novoportal\/wp-json\/wp\/v2\/posts\/24784\/revisions\/24787"}],"wp:attachment":[{"href":"https:\/\/www.sudoestehoje.com.br\/novoportal\/wp-json\/wp\/v2\/media?parent=24784"}],"wp:term":[{"taxonomy":"category","embeddable":true,"href":"https:\/\/www.sudoestehoje.com.br\/novoportal\/wp-json\/wp\/v2\/categories?post=24784"},{"taxonomy":"post_tag","embeddable":true,"href":"https:\/\/www.sudoestehoje.com.br\/novoportal\/wp-json\/wp\/v2\/tags?post=24784"}],"curies":[{"name":"wp","href":"https:\/\/api.w.org\/{rel}","templated":true}]}}