
{"id":24766,"date":"2013-03-06T21:51:55","date_gmt":"2013-03-07T00:51:55","guid":{"rendered":"http:\/\/www.sudoestehoje.com.br\/novoportal\/?p=24766"},"modified":"2013-03-07T20:50:08","modified_gmt":"2013-03-07T23:50:08","slug":"ze-dirceu-pede-autorizacao-ao-stf-para-ir-ao-enterro-de-chavez","status":"publish","type":"post","link":"https:\/\/www.sudoestehoje.com.br\/novoportal\/2013\/03\/06\/ze-dirceu-pede-autorizacao-ao-stf-para-ir-ao-enterro-de-chavez\/","title":{"rendered":"Z\u00c9 DIRCEU PEDE AUTORIZA\u00c7\u00c3O AO STF PARA IR AO ENTERRO DE CH\u00c1VEZ"},"content":{"rendered":"<p><img decoding=\"async\" class=\"aligncenter\" alt=\"\" src=\"http:\/\/sphotos-d.ak.fbcdn.net\/hphotos-ak-ash3\/5706_620788564602876_1643804151_n.jpg\" width=\"400\" \/><\/p>\n<p><strong><em>ESTAD\u00c3O<\/em><\/strong><\/p>\n<p>S\u00c3O PAULO &#8211; O ex-ministro Jos\u00e9 Dirceu (Casa Civil), condenado a 10 anos e 10 meses de pris\u00e3o no processo do mensal\u00e3o, tamb\u00e9m quer ir aos funerais do presidente da Venezuela, Hugo Ch\u00e1vez.<\/p>\n<p>Em peti\u00e7\u00e3o entregue nesta quarta feira, 7, ao presidente do Supremo Tribunal Federal (STF), ministro Joaquim Barbosa, ele pediu &#8220;em car\u00e1ter de urg\u00eancia&#8221; autoriza\u00e7\u00e3o para viajar a Caracas &#8220;no intuito de acompanhar o enterro do presidente da Venezuela&#8221;.<!--more--><\/p>\n<p>Dirceu est\u00e1 proibido de deixar o Pa\u00eds, &#8220;sem pr\u00e9vio conhecimento e autoriza\u00e7\u00e3o do STF&#8221;, segundo ordem do pr\u00f3prio ministro Barbosa.<\/p>\n<p>A peti\u00e7\u00e3o \u00e9 subscrita por tr\u00eas advogados de Dirceu, os criminalistas Jos\u00e9 Lu\u00eds Oliveira Lima, Rodrigo Dall&#8217;Acqua e Ana Carolina Piovesana.<\/p>\n<p>Os advogados sustentam que Dirceu quer ir ao enterro &#8220;em raz\u00e3o da rela\u00e7\u00e3o de amizade que mantinha com o presidente Hugo Ch\u00e1vez&#8221;.<\/p>\n<p>A defesa do ex-ministro assume o compromisso de que o ex-ministro retornar\u00e1. &#8220;Caso haja autoriza\u00e7\u00e3o desta Suprema Corte o retorno (de Dirceu) ao Brasil ser\u00e1 realizado 24 horas ap\u00f3s a cerim\u00f4nia f\u00fanebre.&#8221;<\/p>\n","protected":false},"excerpt":{"rendered":"<p>ESTAD\u00c3O S\u00c3O PAULO &#8211; O ex-ministro Jos\u00e9 Dirceu (Casa Civil), condenado a 10 anos e 10 meses de pris\u00e3o no processo do mensal\u00e3o, tamb\u00e9m quer ir aos funerais do presidente da Venezuela, Hugo Ch\u00e1vez. Em peti\u00e7\u00e3o entregue nesta quarta feira, 7, ao presidente do Supremo Tribunal Federal (STF), ministro Joaquim Barbosa, ele pediu &#8220;em car\u00e1ter [&hellip;]<\/p>\n","protected":false},"author":2,"featured_media":0,"comment_status":"open","ping_status":"open","sticky":false,"template":"","format":"standard","meta":{"footnotes":"","_links_to":"","_links_to_target":""},"categories":[1],"tags":[],"class_list":["post-24766","post","type-post","status-publish","format-standard","hentry","category-geral"],"views":1266,"_links":{"self":[{"href":"https:\/\/www.sudoestehoje.com.br\/novoportal\/wp-json\/wp\/v2\/posts\/24766","targetHints":{"allow":["GET"]}}],"collection":[{"href":"https:\/\/www.sudoestehoje.com.br\/novoportal\/wp-json\/wp\/v2\/posts"}],"about":[{"href":"https:\/\/www.sudoestehoje.com.br\/novoportal\/wp-json\/wp\/v2\/types\/post"}],"author":[{"embeddable":true,"href":"https:\/\/www.sudoestehoje.com.br\/novoportal\/wp-json\/wp\/v2\/users\/2"}],"replies":[{"embeddable":true,"href":"https:\/\/www.sudoestehoje.com.br\/novoportal\/wp-json\/wp\/v2\/comments?post=24766"}],"version-history":[{"count":5,"href":"https:\/\/www.sudoestehoje.com.br\/novoportal\/wp-json\/wp\/v2\/posts\/24766\/revisions"}],"predecessor-version":[{"id":24769,"href":"https:\/\/www.sudoestehoje.com.br\/novoportal\/wp-json\/wp\/v2\/posts\/24766\/revisions\/24769"}],"wp:attachment":[{"href":"https:\/\/www.sudoestehoje.com.br\/novoportal\/wp-json\/wp\/v2\/media?parent=24766"}],"wp:term":[{"taxonomy":"category","embeddable":true,"href":"https:\/\/www.sudoestehoje.com.br\/novoportal\/wp-json\/wp\/v2\/categories?post=24766"},{"taxonomy":"post_tag","embeddable":true,"href":"https:\/\/www.sudoestehoje.com.br\/novoportal\/wp-json\/wp\/v2\/tags?post=24766"}],"curies":[{"name":"wp","href":"https:\/\/api.w.org\/{rel}","templated":true}]}}