
{"id":24730,"date":"2013-03-05T12:20:29","date_gmt":"2013-03-05T15:20:29","guid":{"rendered":"http:\/\/www.sudoestehoje.com.br\/novoportal\/?p=24730"},"modified":"2013-03-05T12:20:29","modified_gmt":"2013-03-05T15:20:29","slug":"psdb-lanca-pre-candidatos-ao-governo-da-bahia-em-2014","status":"publish","type":"post","link":"https:\/\/www.sudoestehoje.com.br\/novoportal\/2013\/03\/05\/psdb-lanca-pre-candidatos-ao-governo-da-bahia-em-2014\/","title":{"rendered":"PSDB LAN\u00c7A PR\u00c9-CANDIDATOS AO GOVERNO DA BAHIA EM 2014"},"content":{"rendered":"<div><img decoding=\"async\" class=\"aligncenter\" alt=\"Imbassahy e Jo\u00e3o Gualberto s\u00e3o escolhidos pr\u00e9-candidatos do PSDB ao governo da Bahia\" src=\"http:\/\/www.bahianoticias.com.br\/fotos\/principal_noticias\/132575\/IMAGEM_NOTICIA_5.jpg\" width=\"400\" \/><\/div>\n<div><\/div>\n<div><\/div>\n<div>O deputado federal Ant\u00f4nio Imbassahy e o ex-prefeito de Mata de S\u00e3o Jo\u00e3o, Jo\u00e3o Gualberto, foram escolhidos pr\u00e9-candidatos do PSDB ao governo do Estado, em reuni\u00e3o da executiva estadual do partido, realizada nesta segunda-feira (4) em Salvador. Participaram tamb\u00e9m do encontro o presidente estadual do partido, S\u00e9rgio Passos, o deputado federal Jutahy Magalh\u00e3es Junior, os deputados estaduais Augusto Castro e Adolfo Viana, o presidente municipal da legenda, Jos\u00e9 Carlos Fernandes, os ex-deputados Jo\u00e3o Almeida e Murilo Leite e o prefeito de Itiru\u00e7u, Wagner Novaes. A sigla dever\u00e1 anunciar publicamente seu posicionamento para as elei\u00e7\u00f5es de 2014 em agosto deste ano. BN<\/div>\n<p>&nbsp;<\/p>\n","protected":false},"excerpt":{"rendered":"<p>O deputado federal Ant\u00f4nio Imbassahy e o ex-prefeito de Mata de S\u00e3o Jo\u00e3o, Jo\u00e3o Gualberto, foram escolhidos pr\u00e9-candidatos do PSDB ao governo do Estado, em reuni\u00e3o da executiva estadual do partido, realizada nesta segunda-feira (4) em Salvador. Participaram tamb\u00e9m do encontro o presidente estadual do partido, S\u00e9rgio Passos, o deputado federal Jutahy Magalh\u00e3es Junior, os [&hellip;]<\/p>\n","protected":false},"author":2,"featured_media":0,"comment_status":"open","ping_status":"open","sticky":false,"template":"","format":"standard","meta":{"footnotes":"","_links_to":"","_links_to_target":""},"categories":[1],"tags":[],"class_list":["post-24730","post","type-post","status-publish","format-standard","hentry","category-geral"],"views":1245,"_links":{"self":[{"href":"https:\/\/www.sudoestehoje.com.br\/novoportal\/wp-json\/wp\/v2\/posts\/24730","targetHints":{"allow":["GET"]}}],"collection":[{"href":"https:\/\/www.sudoestehoje.com.br\/novoportal\/wp-json\/wp\/v2\/posts"}],"about":[{"href":"https:\/\/www.sudoestehoje.com.br\/novoportal\/wp-json\/wp\/v2\/types\/post"}],"author":[{"embeddable":true,"href":"https:\/\/www.sudoestehoje.com.br\/novoportal\/wp-json\/wp\/v2\/users\/2"}],"replies":[{"embeddable":true,"href":"https:\/\/www.sudoestehoje.com.br\/novoportal\/wp-json\/wp\/v2\/comments?post=24730"}],"version-history":[{"count":3,"href":"https:\/\/www.sudoestehoje.com.br\/novoportal\/wp-json\/wp\/v2\/posts\/24730\/revisions"}],"predecessor-version":[{"id":24733,"href":"https:\/\/www.sudoestehoje.com.br\/novoportal\/wp-json\/wp\/v2\/posts\/24730\/revisions\/24733"}],"wp:attachment":[{"href":"https:\/\/www.sudoestehoje.com.br\/novoportal\/wp-json\/wp\/v2\/media?parent=24730"}],"wp:term":[{"taxonomy":"category","embeddable":true,"href":"https:\/\/www.sudoestehoje.com.br\/novoportal\/wp-json\/wp\/v2\/categories?post=24730"},{"taxonomy":"post_tag","embeddable":true,"href":"https:\/\/www.sudoestehoje.com.br\/novoportal\/wp-json\/wp\/v2\/tags?post=24730"}],"curies":[{"name":"wp","href":"https:\/\/api.w.org\/{rel}","templated":true}]}}