
{"id":24727,"date":"2013-03-05T10:02:11","date_gmt":"2013-03-05T13:02:11","guid":{"rendered":"http:\/\/www.sudoestehoje.com.br\/novoportal\/?p=24727"},"modified":"2013-03-05T10:02:11","modified_gmt":"2013-03-05T13:02:11","slug":"itororo-marco-brito-participa-da-convencao-nacional-do-pmdb","status":"publish","type":"post","link":"https:\/\/www.sudoestehoje.com.br\/novoportal\/2013\/03\/05\/itororo-marco-brito-participa-da-convencao-nacional-do-pmdb\/","title":{"rendered":"ITOROR\u00d3: MARCO BRITO PARTICIPA DA CONVEN\u00c7\u00c3O NACIONAL DO PMDB"},"content":{"rendered":"<p><img decoding=\"async\" class=\"aligncenter\" alt=\"\" src=\"http:\/\/4.bp.blogspot.com\/-XDJgjB1nHHg\/UTKYkFnNxyI\/AAAAAAAAAhU\/NuFFaC5vB6w\/s400\/299754_335108383275978_999063957_n.jpg\" \/><\/p>\n<p>&nbsp;<\/p>\n<p>ITOROR\u00d3: O Prefeito Marco Brito participou, neste s\u00e1bado (2), da Conven\u00e7\u00e3o Nacional do PMDB, em Bras\u00edlia,\u00a0onde manteve contatos com lideran\u00e7as politicas do partido, dentre eles o vice-Presidente da\u00a0Rep\u00fablica, Michel Temer.\u00a0Marco aproveitou a oportunidade para fortalecer os la\u00e7os com seus aliados e buscar parcerias e\u00a0conv\u00eanios\u00a0para cidade de Itoror\u00f3.<\/p>\n<p>Na conven\u00e7\u00e3o, Michel Temer foi reeleito presidente do PMDB para o bi\u00eanio 2013-2015.\u00a0O evento refor\u00e7ou a alian\u00e7a do partido com o PT visando \u00e0 reelei\u00e7\u00e3o da presidente Dilma Rousseff em 2014.<\/p>\n<p><em>Itoror\u00f3 News<\/em><\/p>\n","protected":false},"excerpt":{"rendered":"<p>&nbsp; ITOROR\u00d3: O Prefeito Marco Brito participou, neste s\u00e1bado (2), da Conven\u00e7\u00e3o Nacional do PMDB, em Bras\u00edlia,\u00a0onde manteve contatos com lideran\u00e7as politicas do partido, dentre eles o vice-Presidente da\u00a0Rep\u00fablica, Michel Temer.\u00a0Marco aproveitou a oportunidade para fortalecer os la\u00e7os com seus aliados e buscar parcerias e\u00a0conv\u00eanios\u00a0para cidade de Itoror\u00f3. Na conven\u00e7\u00e3o, Michel Temer foi reeleito presidente [&hellip;]<\/p>\n","protected":false},"author":2,"featured_media":0,"comment_status":"open","ping_status":"open","sticky":false,"template":"","format":"standard","meta":{"footnotes":"","_links_to":"","_links_to_target":""},"categories":[1],"tags":[],"class_list":["post-24727","post","type-post","status-publish","format-standard","hentry","category-geral"],"views":1223,"_links":{"self":[{"href":"https:\/\/www.sudoestehoje.com.br\/novoportal\/wp-json\/wp\/v2\/posts\/24727","targetHints":{"allow":["GET"]}}],"collection":[{"href":"https:\/\/www.sudoestehoje.com.br\/novoportal\/wp-json\/wp\/v2\/posts"}],"about":[{"href":"https:\/\/www.sudoestehoje.com.br\/novoportal\/wp-json\/wp\/v2\/types\/post"}],"author":[{"embeddable":true,"href":"https:\/\/www.sudoestehoje.com.br\/novoportal\/wp-json\/wp\/v2\/users\/2"}],"replies":[{"embeddable":true,"href":"https:\/\/www.sudoestehoje.com.br\/novoportal\/wp-json\/wp\/v2\/comments?post=24727"}],"version-history":[{"count":2,"href":"https:\/\/www.sudoestehoje.com.br\/novoportal\/wp-json\/wp\/v2\/posts\/24727\/revisions"}],"predecessor-version":[{"id":24729,"href":"https:\/\/www.sudoestehoje.com.br\/novoportal\/wp-json\/wp\/v2\/posts\/24727\/revisions\/24729"}],"wp:attachment":[{"href":"https:\/\/www.sudoestehoje.com.br\/novoportal\/wp-json\/wp\/v2\/media?parent=24727"}],"wp:term":[{"taxonomy":"category","embeddable":true,"href":"https:\/\/www.sudoestehoje.com.br\/novoportal\/wp-json\/wp\/v2\/categories?post=24727"},{"taxonomy":"post_tag","embeddable":true,"href":"https:\/\/www.sudoestehoje.com.br\/novoportal\/wp-json\/wp\/v2\/tags?post=24727"}],"curies":[{"name":"wp","href":"https:\/\/api.w.org\/{rel}","templated":true}]}}