
{"id":24723,"date":"2013-03-05T09:12:26","date_gmt":"2013-03-05T12:12:26","guid":{"rendered":"http:\/\/www.sudoestehoje.com.br\/novoportal\/?p=24723"},"modified":"2013-03-05T09:12:26","modified_gmt":"2013-03-05T12:12:26","slug":"nota-de-esclarecimento-pr-dem","status":"publish","type":"post","link":"https:\/\/www.sudoestehoje.com.br\/novoportal\/2013\/03\/05\/nota-de-esclarecimento-pr-dem\/","title":{"rendered":"NOTA DE ESCLARECIMENTO PR-DEM"},"content":{"rendered":"<p style=\"text-align: center;\"><img decoding=\"async\" class=\"aligncenter\" alt=\"\" src=\"http:\/\/4.bp.blogspot.com\/-1C1duzqJgvA\/UFj7bJDxS9I\/AAAAAAAAzzg\/aJ20AQ0deLo\/s320\/sandroregis\" width=\"400\" \/><\/p>\n<p>&nbsp;<\/p>\n<p>Caro Davi Ferraz,<\/p>\n<p>Ao tempo que parabenizamos este importante ve\u00edculo de informa\u00e7\u00e3o regional pela sua atua\u00e7\u00e3o corajosa frente \u00e0s demandas da nossa popula\u00e7\u00e3o, utilizamos deste espa\u00e7o democr\u00e1tico para tecer alguns coment\u00e1rios sobre a mat\u00e9ria veiculada na \u00faltima sexta-feira, intitulada \u201cPor que ser\u00e1 que o Deputado Sandro R\u00e9gis sumiu de Itapetinga?\u201d<\/p>\n<p>O deputado estadual Sandro R\u00e9gis tem atuado energicamente na defesa dos interesses do nosso Estado, tendo assumido em fevereiro a 2\u00aa vice-presid\u00eancia da Assembleia Legislativa da Bahia, mesmo com a sua postura de oposi\u00e7\u00e3o ao atual governo.<\/p>\n<p>Como sabemos ser deputado de oposi\u00e7\u00e3o n\u00e3o \u00e9 uma tarefa f\u00e1cil no atual regime vigente no nosso Pa\u00eds, onde a praxe infelizmente \u00e9 negar todos os pedidos e projetos dos oposicionistas, mesmo que isso signifique sofrimento para a popula\u00e7\u00e3o. Cabe ent\u00e3o \u00e0queles que ainda t\u00eam a coragem de se manterem nas trincheiras oposicionistas de buscar promover a defesa dos interesses populares do Estado e do Pa\u00eds, notadamente das suas regi\u00f5es de representatividade. Infelizmente estamos acostumados ao reducionismo pernicioso que procura julgar os parlamentares apenas pela sua presen\u00e7a f\u00edsica na regi\u00e3o, sendo que a atua\u00e7\u00e3o do deputado vai muito al\u00e9m.<!--more--><\/p>\n<p>Quando uma regi\u00e3o vota para eleger um deputado de oposi\u00e7\u00e3o deve saber, de antem\u00e3o, que o papel principal do seu representante na \u00a0Assembleia Legislativa ser\u00e1 propor caminhos para o desenvolvimento da sua regi\u00e3o e estado, e tamb\u00e9m fiscalizar os atos do governo, debater, questionar e, \u00e0s vezes at\u00e9 derrotar o governo em propostas que v\u00e3o de encontro aos anseios da popula\u00e7\u00e3o, como tem feito Sandro R\u00e9gis.<\/p>\n<p>O deputado Sandro R\u00e9gis tem sido destaque na m\u00eddia estadual, pela sua firme atua\u00e7\u00e3o na fiscaliza\u00e7\u00e3o respons\u00e1vel dos atos do governo desde o in\u00edcio do ano, principalmente buscando elucida\u00e7\u00e3o, esclarecimentos e provid\u00eancias do Minist\u00e9rio P\u00fablico e TCU sobre o desvio de recursos da sa\u00fade e da educa\u00e7\u00e3o para cobrir d\u00edvidas do Governo do Estado no valor de mais de R$ 2 bilh\u00f5es, agindo na defesa dos servidores p\u00fablicos estaduais esquecidos pelo governo, denunciando a cria\u00e7\u00e3o da Ag\u00eancia Reguladora de Saneamento B\u00e1sico, como sendo \u201cmais um mecanismo para o governo cooptar partidos\u201d e funcionar como cabide de empregos fantasmas.<\/p>\n<p>No caso espec\u00edfico da nossa Regi\u00e3o o deputado tem se posicionado com firmeza durante as sess\u00f5es legislativas e na m\u00eddia, na constante cobran\u00e7a por solu\u00e7\u00f5es efetivas frente \u00e0 grave crise de desemprego que assola a nossa regi\u00e3o tanto pelo problema da ind\u00fastria cal\u00e7adista que ruma para o encerramento das atividades ante os olhos omissos dos nossos governantes, como tamb\u00e9m pela inexplic\u00e1vel perda de novas ind\u00fastrias para outros munic\u00edpios. Sandro R\u00e9gis tamb\u00e9m tem atuado, dentro dos limites que lhes s\u00e3o impostos como deputado de oposi\u00e7\u00e3o, na busca de solu\u00e7\u00f5es para o retrocesso que vem acometendo o munic\u00edpio de Itapetinga com a mudan\u00e7a do nome do territ\u00f3rio de identidade, fechamento do escrit\u00f3rio do TCM, fechamento da inspetoria da fazenda, fechamento do frigor\u00edfico, da Fosfocal e da Moreira Reciclagem, redu\u00e7\u00e3o significativa dos postos de trabalho na Colorgraf, Diclatex, Vale Dourado, Recicla e no setor do com\u00e9rcio varejista, e ainda na defesa do nosso Rio Catol\u00e9, alvo de projeto do Governo para constru\u00e7\u00e3o de barragem sem as devidas discuss\u00f5es com a comunidade regional. A importante indica\u00e7\u00e3o para a instala\u00e7\u00e3o da delegacia da mulher em Itapetinga \u00e9 de sua autoria, assim como tem lutado para a instala\u00e7\u00e3o do IML no nosso munic\u00edpio.<\/p>\n<p>Infelizmente ainda temos que caminhar um pouco mais no sentido de que a atua\u00e7\u00e3o dos parlamentares de oposi\u00e7\u00e3o possa ser mais vis\u00edvel aos olhos da grande massa, acostumada historicamente ao toma l\u00e1 d\u00e1 c\u00e1 de pol\u00edticos oportunistas, que todos sabem, mesmo aqueles de corrente pol\u00edtica contr\u00e1ria, n\u00e3o \u00e9 o caso do Deputado Sandro R\u00e9gis.<\/p>\n<p>Como vemos nesse breve relato Sandro R\u00e9gis tem atuado firmemente na defesa dos nossos interesses. Quanto \u00e0 presen\u00e7a f\u00edsica no nosso munic\u00edpio e regi\u00e3o, j\u00e1 consta tamb\u00e9m do planejamento de trabalho do deputado para o ano de 2013, iniciando agora nesse m\u00eas de mar\u00e7o com uma reuni\u00e3o com lideran\u00e7as municipais a ocorrer no pr\u00f3ximo dia 15, haja vista o \u201cano oficial\u201d no nosso Estado ter in\u00edcio efetivo apenas ap\u00f3s o per\u00edodo de f\u00e9rias e carnaval.<\/p>\n<p>Sabedores que o papel da m\u00eddia livre \u00e9 a constante discuss\u00e3o sobre a atua\u00e7\u00e3o dos nossos representantes, seja no executivo ou no legislativo, voltamos a parabenizar o Sudoeste Hoje pela sua postura questionadora, investigativa e esclarecedora.<\/p>\n<p>Sauda\u00e7\u00f5es,<\/p>\n<p>Geraldo Trindade<\/p>\n<p>Arnaldo Texeira<\/p>\n<p>Naara Duarte<\/p>\n<p>Fabiano Bahia<\/p>\n<p>Valqu\u00edrio Lima<\/p>\n<p>Benilson Leite<\/p>\n","protected":false},"excerpt":{"rendered":"<p>&nbsp; Caro Davi Ferraz, Ao tempo que parabenizamos este importante ve\u00edculo de informa\u00e7\u00e3o regional pela sua atua\u00e7\u00e3o corajosa frente \u00e0s demandas da nossa popula\u00e7\u00e3o, utilizamos deste espa\u00e7o democr\u00e1tico para tecer alguns coment\u00e1rios sobre a mat\u00e9ria veiculada na \u00faltima sexta-feira, intitulada \u201cPor que ser\u00e1 que o Deputado Sandro R\u00e9gis sumiu de Itapetinga?\u201d O deputado estadual Sandro [&hellip;]<\/p>\n","protected":false},"author":2,"featured_media":0,"comment_status":"open","ping_status":"open","sticky":false,"template":"","format":"standard","meta":{"footnotes":"","_links_to":"","_links_to_target":""},"categories":[1],"tags":[],"class_list":["post-24723","post","type-post","status-publish","format-standard","hentry","category-geral"],"views":1193,"_links":{"self":[{"href":"https:\/\/www.sudoestehoje.com.br\/novoportal\/wp-json\/wp\/v2\/posts\/24723","targetHints":{"allow":["GET"]}}],"collection":[{"href":"https:\/\/www.sudoestehoje.com.br\/novoportal\/wp-json\/wp\/v2\/posts"}],"about":[{"href":"https:\/\/www.sudoestehoje.com.br\/novoportal\/wp-json\/wp\/v2\/types\/post"}],"author":[{"embeddable":true,"href":"https:\/\/www.sudoestehoje.com.br\/novoportal\/wp-json\/wp\/v2\/users\/2"}],"replies":[{"embeddable":true,"href":"https:\/\/www.sudoestehoje.com.br\/novoportal\/wp-json\/wp\/v2\/comments?post=24723"}],"version-history":[{"count":2,"href":"https:\/\/www.sudoestehoje.com.br\/novoportal\/wp-json\/wp\/v2\/posts\/24723\/revisions"}],"predecessor-version":[{"id":24725,"href":"https:\/\/www.sudoestehoje.com.br\/novoportal\/wp-json\/wp\/v2\/posts\/24723\/revisions\/24725"}],"wp:attachment":[{"href":"https:\/\/www.sudoestehoje.com.br\/novoportal\/wp-json\/wp\/v2\/media?parent=24723"}],"wp:term":[{"taxonomy":"category","embeddable":true,"href":"https:\/\/www.sudoestehoje.com.br\/novoportal\/wp-json\/wp\/v2\/categories?post=24723"},{"taxonomy":"post_tag","embeddable":true,"href":"https:\/\/www.sudoestehoje.com.br\/novoportal\/wp-json\/wp\/v2\/tags?post=24723"}],"curies":[{"name":"wp","href":"https:\/\/api.w.org\/{rel}","templated":true}]}}