
{"id":24711,"date":"2013-03-04T17:34:31","date_gmt":"2013-03-04T20:34:31","guid":{"rendered":"http:\/\/www.sudoestehoje.com.br\/novoportal\/?p=24711"},"modified":"2013-03-04T21:41:47","modified_gmt":"2013-03-05T00:41:47","slug":"urgente-upa-24h-de-itapetinga-fecha-as-portas-por-falta-de-medicos","status":"publish","type":"post","link":"https:\/\/www.sudoestehoje.com.br\/novoportal\/2013\/03\/04\/urgente-upa-24h-de-itapetinga-fecha-as-portas-por-falta-de-medicos\/","title":{"rendered":"URGENTE: UPA 24H DE ITAPETINGA FECHA AS PORTAS POR FALTA DE M\u00c9DICOS"},"content":{"rendered":"<p style=\"text-align: center;\"><em>Foto Sudoeste Hoje<\/em><\/p>\n<p style=\"text-align: center;\"><img decoding=\"async\" class=\"aligncenter\" alt=\"\" src=\"http:\/\/2.bp.blogspot.com\/-y9m7zzEnCw8\/T6x7wRbX1VI\/AAAAAAAASu0\/Ro1u-sAYYTI\/s1600\/UPA+ITAPETINGA.jpg\" width=\"400\" \/><\/p>\n<p style=\"text-align: center;\">\u00a0<em>UPA j\u00e1 vinha &#8216;capengando&#8217; e acabou fechando as portas\u00a0<\/em><\/p>\n<p>&nbsp;<\/p>\n<p>ITAPETINGA: Como j\u00e1 vinhamos informando h\u00e1 meses, a UPA 24H de Itapetinga foi aberta e inaugurada em car\u00e1ter prec\u00e1rio e acabou sendo fechada nesta segunda-feira, por falta de profissionais de sa\u00fade, nas v\u00e1rias especialidades exigidas pelo Minist\u00e9rio da Sa\u00fade para as Unidades de Pronto Atendimento.<\/p>\n<p>Os constantes atrasos nos pagamentos salariais fizeram com que m\u00e9dicos, enfermeiros e funcion\u00e1rios administrativos abandonassem o servi\u00e7o, por absoluta impossibilidade de continuar trabalhando, sem nada receberem.<\/p>\n<p>Apesar de est\u00e1 funcionando de forma prec\u00e1ria, com apenas um m\u00e9dico, a medida determinando o fechamento da UPA significa um enorme retrocesso na sa\u00fade p\u00fablica local e exp\u00f5e o fracasso e a incompet\u00eancia do governo municipal, que levou o munic\u00edpio \u00e0 fal\u00eancia para garantir a reelei\u00e7\u00e3o do prefeito e agora vem encontrando enormes dificuldades para honrar os compromissas da administra\u00e7\u00e3o.<\/p>\n<p><em><strong>Davi Ferraz &#8211; Editor<\/strong><\/em><\/p>\n","protected":false},"excerpt":{"rendered":"<p>Foto Sudoeste Hoje \u00a0UPA j\u00e1 vinha &#8216;capengando&#8217; e acabou fechando as portas\u00a0 &nbsp; ITAPETINGA: Como j\u00e1 vinhamos informando h\u00e1 meses, a UPA 24H de Itapetinga foi aberta e inaugurada em car\u00e1ter prec\u00e1rio e acabou sendo fechada nesta segunda-feira, por falta de profissionais de sa\u00fade, nas v\u00e1rias especialidades exigidas pelo Minist\u00e9rio da Sa\u00fade para as Unidades [&hellip;]<\/p>\n","protected":false},"author":2,"featured_media":0,"comment_status":"open","ping_status":"open","sticky":false,"template":"","format":"standard","meta":{"footnotes":"","_links_to":"","_links_to_target":""},"categories":[1],"tags":[],"class_list":["post-24711","post","type-post","status-publish","format-standard","hentry","category-geral"],"views":1229,"_links":{"self":[{"href":"https:\/\/www.sudoestehoje.com.br\/novoportal\/wp-json\/wp\/v2\/posts\/24711","targetHints":{"allow":["GET"]}}],"collection":[{"href":"https:\/\/www.sudoestehoje.com.br\/novoportal\/wp-json\/wp\/v2\/posts"}],"about":[{"href":"https:\/\/www.sudoestehoje.com.br\/novoportal\/wp-json\/wp\/v2\/types\/post"}],"author":[{"embeddable":true,"href":"https:\/\/www.sudoestehoje.com.br\/novoportal\/wp-json\/wp\/v2\/users\/2"}],"replies":[{"embeddable":true,"href":"https:\/\/www.sudoestehoje.com.br\/novoportal\/wp-json\/wp\/v2\/comments?post=24711"}],"version-history":[{"count":9,"href":"https:\/\/www.sudoestehoje.com.br\/novoportal\/wp-json\/wp\/v2\/posts\/24711\/revisions"}],"predecessor-version":[{"id":24722,"href":"https:\/\/www.sudoestehoje.com.br\/novoportal\/wp-json\/wp\/v2\/posts\/24711\/revisions\/24722"}],"wp:attachment":[{"href":"https:\/\/www.sudoestehoje.com.br\/novoportal\/wp-json\/wp\/v2\/media?parent=24711"}],"wp:term":[{"taxonomy":"category","embeddable":true,"href":"https:\/\/www.sudoestehoje.com.br\/novoportal\/wp-json\/wp\/v2\/categories?post=24711"},{"taxonomy":"post_tag","embeddable":true,"href":"https:\/\/www.sudoestehoje.com.br\/novoportal\/wp-json\/wp\/v2\/tags?post=24711"}],"curies":[{"name":"wp","href":"https:\/\/api.w.org\/{rel}","templated":true}]}}