
{"id":24598,"date":"2013-02-27T22:01:34","date_gmt":"2013-02-28T01:01:34","guid":{"rendered":"http:\/\/www.sudoestehoje.com.br\/novoportal\/?p=24598"},"modified":"2013-02-27T22:06:39","modified_gmt":"2013-02-28T01:06:39","slug":"sesab-confirma-itapetinga-entre-as-cidades-com-mais-casos-dengue","status":"publish","type":"post","link":"https:\/\/www.sudoestehoje.com.br\/novoportal\/2013\/02\/27\/sesab-confirma-itapetinga-entre-as-cidades-com-mais-casos-dengue\/","title":{"rendered":"ITAPETINGA \u00c9 DESTAQUE NO MAPA DA DENGUE NA BAHIA"},"content":{"rendered":"<div>\n<p style=\"text-align: center;\"><img decoding=\"async\" class=\"aligncenter\" src=\"http:\/\/s1.ibsttc.net\/uploads\/RTEmagicC_dengugu.jpg.jpg\" alt=\"\" width=\"400\" \/><\/p>\n<p>&nbsp;<\/p>\n<p>Apesar da Secretaria Municipal de Sa\u00fade guardar a sete chaves os n\u00fameros de casos de dengue registrados no munic\u00edpio, a SESAB acabou divulgando o que a prefeitura n\u00e3o queria admitir: Itapetinga est\u00e1 entre as cidades da Bahia com maior n\u00famero de casos da doen\u00e7a, com 283 casos registrados, s\u00f3 nos meses de janeiro e fevereiro de 2013.<\/p>\n<p>As cidades de Jequi\u00e9 e Guanambi, no Sudoeste baiano, al\u00e9m de Teixeira de Freitas, no Extremo Sul, est\u00e3o vivendo um surto de dengue. As informa\u00e7\u00f5es s\u00e3o da Secretaria da Sa\u00fade do Estado (Sesab) e se referem aos casos registrados nos 57 primeiros dias do ano.<!--more--><\/p>\n<p>\u00c9 caracterizado surto quando o n\u00famero de ocorr\u00eancias supera a m\u00e9dia hist\u00f3rica dos \u00faltimos dez anos. Em Jequi\u00e9, por exemplo, apenas na semana passada foram 74 casos notificados \u00a0\u2014 mais que o dobro da m\u00e9dia hist\u00f3rica (35,2) registrada no munic\u00edpio no mesmo per\u00edodo.<\/p>\n<p>Apesar do crescimento nestas cidades, a coordenadora do Comit\u00ea Estadual de Dengue, Maria Aparecida Figueiredo, diz que ocorreu uma redu\u00e7\u00e3o de 16,7% na quantidade de casos registrados de janeiro at\u00e9 ontem no estado \u2014 de 10.759 em 2012 para 8.956 este ano.<\/p>\n<p>Os n\u00fameros contradizem levantamento divulgado segunda-feira pelo Minist\u00e9rio da Sa\u00fade que apontou um crescimento de 12% dos casos de dengue na Bahia, em rela\u00e7\u00e3o aos mesmos meses do ano passado. A coordena\u00e7\u00e3o estadual diz apurar se houve erro no repasse dos dados para o governo federal \u2014 que \u00e9 feito pela pr\u00f3pria Sesab.<\/p>\n<p>Maria Aparecida alerta para a possibilidade dos n\u00fameros serem maiores, j\u00e1 que muitos casos n\u00e3o s\u00e3o investigados e tratados como dengue. \u201cH\u00e1 uma confus\u00e3o grande entre as viroses da \u00e9poca com a contamina\u00e7\u00e3o pelo Aedes aegypti\u201d.<\/p>\n<\/div>\n<div><\/div>\n<div><\/div>\n<div><\/div>\n<div><\/div>\n","protected":false},"excerpt":{"rendered":"<p>&nbsp; Apesar da Secretaria Municipal de Sa\u00fade guardar a sete chaves os n\u00fameros de casos de dengue registrados no munic\u00edpio, a SESAB acabou divulgando o que a prefeitura n\u00e3o queria admitir: Itapetinga est\u00e1 entre as cidades da Bahia com maior n\u00famero de casos da doen\u00e7a, com 283 casos registrados, s\u00f3 nos meses de janeiro e [&hellip;]<\/p>\n","protected":false},"author":2,"featured_media":0,"comment_status":"open","ping_status":"open","sticky":false,"template":"","format":"standard","meta":{"footnotes":"","_links_to":"","_links_to_target":""},"categories":[1],"tags":[],"class_list":["post-24598","post","type-post","status-publish","format-standard","hentry","category-geral"],"views":2092,"_links":{"self":[{"href":"https:\/\/www.sudoestehoje.com.br\/novoportal\/wp-json\/wp\/v2\/posts\/24598","targetHints":{"allow":["GET"]}}],"collection":[{"href":"https:\/\/www.sudoestehoje.com.br\/novoportal\/wp-json\/wp\/v2\/posts"}],"about":[{"href":"https:\/\/www.sudoestehoje.com.br\/novoportal\/wp-json\/wp\/v2\/types\/post"}],"author":[{"embeddable":true,"href":"https:\/\/www.sudoestehoje.com.br\/novoportal\/wp-json\/wp\/v2\/users\/2"}],"replies":[{"embeddable":true,"href":"https:\/\/www.sudoestehoje.com.br\/novoportal\/wp-json\/wp\/v2\/comments?post=24598"}],"version-history":[{"count":10,"href":"https:\/\/www.sudoestehoje.com.br\/novoportal\/wp-json\/wp\/v2\/posts\/24598\/revisions"}],"predecessor-version":[{"id":24607,"href":"https:\/\/www.sudoestehoje.com.br\/novoportal\/wp-json\/wp\/v2\/posts\/24598\/revisions\/24607"}],"wp:attachment":[{"href":"https:\/\/www.sudoestehoje.com.br\/novoportal\/wp-json\/wp\/v2\/media?parent=24598"}],"wp:term":[{"taxonomy":"category","embeddable":true,"href":"https:\/\/www.sudoestehoje.com.br\/novoportal\/wp-json\/wp\/v2\/categories?post=24598"},{"taxonomy":"post_tag","embeddable":true,"href":"https:\/\/www.sudoestehoje.com.br\/novoportal\/wp-json\/wp\/v2\/tags?post=24598"}],"curies":[{"name":"wp","href":"https:\/\/api.w.org\/{rel}","templated":true}]}}