
{"id":24596,"date":"2013-02-27T20:38:52","date_gmt":"2013-02-27T23:38:52","guid":{"rendered":"http:\/\/www.sudoestehoje.com.br\/novoportal\/?p=24596"},"modified":"2013-02-27T20:38:52","modified_gmt":"2013-02-27T23:38:52","slug":"stf-decide-que-piso-nacional-dos-professores-e-valido-desde-2011","status":"publish","type":"post","link":"https:\/\/www.sudoestehoje.com.br\/novoportal\/2013\/02\/27\/stf-decide-que-piso-nacional-dos-professores-e-valido-desde-2011\/","title":{"rendered":"STF DECIDE QUE PISO NACIONAL DOS PROFESSORES \u00c9 V\u00c1LIDO DESDE 2011"},"content":{"rendered":"<p style=\"text-align: center;\"><img decoding=\"async\" class=\"aligncenter\" src=\"http:\/\/1.bp.blogspot.com\/-ONmaLPhxQcA\/TZ5eKDokxmI\/AAAAAAAAAQA\/LJPKg38FNEg\/s1600\/piso-professores.jpg\" alt=\"\" width=\"400\" \/><\/p>\n<p>&nbsp;<\/p>\n<p><strong><em>FOLHA<\/em><\/strong><\/p>\n<p>O STF (Supremo Tribunal Federal) decidiu nesta quarta-feira que a lei que criou o piso nacional dos professores passou a ter validade a partir de abril de 2011, quando o tribunal reconheceu sua constitucionalidade. Na pr\u00e1tica, a decis\u00e3o estabelece que os Estados que n\u00e3o cumprem a lei ter\u00e3o que fazer o pagamento retroativo a 27 de abril de 2011.<\/p>\n<p>Em 2008, a lei foi aprovada pelo Congresso e sancionada pelo ex-presidente Luiz In\u00e1cio Lula da Silva, mas, em seguida, foi questionada no STF por governadores que alegaram dificuldades financeiras para cumpri-la. Em reposta aos Estados, em decis\u00e3o provis\u00f3ria, o pr\u00f3prio STF suspendeu o piso.<!--more--><\/p>\n<p>A corte, no entanto, s\u00f3 analisou o caso de forma definitiva em 2011, validando a lei. Ficou estabelecido que o piso \u00e9 a remunera\u00e7\u00e3o b\u00e1sica, sem acr\u00e9scimos de forma diversa pelos Estados. A norma estabelece que nenhum professor pode receber menos que o piso nacional para a carga hor\u00e1ria de at\u00e9 40 horas semanais. Atualmente, o piso \u00e9 de R$1.567.<\/p>\n<p>Hoje, o STF analisou recursos de governadores (MS, PR, SC, RS e CE ) que questionaram o julgamento. A maioria dos ministros acolheu em parte o pedido dos Estados e tornou v\u00e1lida a lei a partir de 2011.<\/p>\n<p>Os Estados alegavam que n\u00e3o tinham condi\u00e7\u00f5es or\u00e7ament\u00e1rias para pagar o passivo de 2008 a 2011. O governo do Rio Grande do Sul, por exemplo, argumentou que o passivo de um ano somava R$ 3 bilh\u00f5es, mais do que a verba para a seguran\u00e7a p\u00fablica.<\/p>\n<p>No debate, os ministros Teori Zavascki e Gilmar Mendes defenderam que era preciso dar uma folga aos caixas dos Estados diante da incerteza que havia em torno da mat\u00e9ria pelo questionamento do piso.<\/p>\n<p>&#8220;As informa\u00e7\u00f5es que se t\u00eam \u00e9 que os gastos s\u00e3o elevados em alguns Estados comprometendo seriamente a previs\u00e3o or\u00e7ament\u00e1ria e atendimento de outras necessidades&#8221;, disse Zavascki.<\/p>\n<p>Mendes refor\u00e7ou o discurso. &#8220;Isso tem implica\u00e7\u00f5es no mundo das finan\u00e7as, do mundo do or\u00e7amento&#8221;.<\/p>\n<p>&#8220;Foi a partir do julgamento que as fazendas p\u00fablicas puderam se programar efetivamente no que tange aos desembolsos necess\u00e1rios face a essa decis\u00e3o do STF&#8221;, disse o ministro Ricardo Lewandowski.<\/p>\n<p>A dilata\u00e7\u00e3o do prazo de validade do piso teve o apoio ainda de Rosa Weber, C\u00e1rmen L\u00facia, Marco Aur\u00e9lio Mello e Celso de Mello.<\/p>\n<p>Relator do caso, o presidente do STF, Joaquim Barbosa, foi o \u00fanico que votou pela rejei\u00e7\u00e3o do recurso. Ele apontou que a lei estabelecia um prazo de 18 meses para os Estados se adequarem a medida. Barbosa indicou que os governadores adotam medidas jur\u00eddicas protelat\u00f3rias para n\u00e3o colocar em pr\u00e1tica o piso. &#8220;Os Estados n\u00e3o querem cumprir&#8221;, disse.<\/p>\n<p>Caso os Estados n\u00e3o cumpram a decis\u00e3o do STF, podem ser alvo de um pedido de Interven\u00e7\u00e3o Federal para &#8220;prover a execu\u00e7\u00e3o de lei federal, ordem ou decis\u00e3o judicial&#8221;. Esse pedido seria avaliado pelo pr\u00f3prio Supremo.<\/p>\n<p>Os Estados ainda podem ser alvo de um mandado de seguran\u00e7a na Justi\u00e7a Comum para for\u00e7ar o cumprimento do piso. Isso pode ser feito, por exemplo, por associa\u00e7\u00f5es de professores.<\/p>\n","protected":false},"excerpt":{"rendered":"<p>&nbsp; FOLHA O STF (Supremo Tribunal Federal) decidiu nesta quarta-feira que a lei que criou o piso nacional dos professores passou a ter validade a partir de abril de 2011, quando o tribunal reconheceu sua constitucionalidade. Na pr\u00e1tica, a decis\u00e3o estabelece que os Estados que n\u00e3o cumprem a lei ter\u00e3o que fazer o pagamento retroativo [&hellip;]<\/p>\n","protected":false},"author":2,"featured_media":0,"comment_status":"open","ping_status":"open","sticky":false,"template":"","format":"standard","meta":{"footnotes":"","_links_to":"","_links_to_target":""},"categories":[1],"tags":[],"class_list":["post-24596","post","type-post","status-publish","format-standard","hentry","category-geral"],"views":1440,"_links":{"self":[{"href":"https:\/\/www.sudoestehoje.com.br\/novoportal\/wp-json\/wp\/v2\/posts\/24596","targetHints":{"allow":["GET"]}}],"collection":[{"href":"https:\/\/www.sudoestehoje.com.br\/novoportal\/wp-json\/wp\/v2\/posts"}],"about":[{"href":"https:\/\/www.sudoestehoje.com.br\/novoportal\/wp-json\/wp\/v2\/types\/post"}],"author":[{"embeddable":true,"href":"https:\/\/www.sudoestehoje.com.br\/novoportal\/wp-json\/wp\/v2\/users\/2"}],"replies":[{"embeddable":true,"href":"https:\/\/www.sudoestehoje.com.br\/novoportal\/wp-json\/wp\/v2\/comments?post=24596"}],"version-history":[{"count":1,"href":"https:\/\/www.sudoestehoje.com.br\/novoportal\/wp-json\/wp\/v2\/posts\/24596\/revisions"}],"predecessor-version":[{"id":24597,"href":"https:\/\/www.sudoestehoje.com.br\/novoportal\/wp-json\/wp\/v2\/posts\/24596\/revisions\/24597"}],"wp:attachment":[{"href":"https:\/\/www.sudoestehoje.com.br\/novoportal\/wp-json\/wp\/v2\/media?parent=24596"}],"wp:term":[{"taxonomy":"category","embeddable":true,"href":"https:\/\/www.sudoestehoje.com.br\/novoportal\/wp-json\/wp\/v2\/categories?post=24596"},{"taxonomy":"post_tag","embeddable":true,"href":"https:\/\/www.sudoestehoje.com.br\/novoportal\/wp-json\/wp\/v2\/tags?post=24596"}],"curies":[{"name":"wp","href":"https:\/\/api.w.org\/{rel}","templated":true}]}}